{"id":74314,"date":"2018-03-23T18:30:43","date_gmt":"2018-03-23T21:30:43","guid":{"rendered":"http:\/\/www.blogdothame.blog.br\/v1\/?p=74314"},"modified":"2018-03-23T14:01:59","modified_gmt":"2018-03-23T17:01:59","slug":"ilheus-hospital-costa-do-cacau-realiza-feira-de-saude","status":"publish","type":"post","link":"https:\/\/www.blogdothame.blog.br\/v1\/2018\/03\/23\/ilheus-hospital-costa-do-cacau-realiza-feira-de-saude\/","title":{"rendered":"Hospital Costa do Cacau realiza Feira de Sa\u00fade"},"content":{"rendered":"<p><img loading=\"lazy\" class=\"alignleft size-medium wp-image-72729\" src=\"http:\/\/www.blogdothame.blog.br\/v1\/wp-content\/uploads\/2018\/02\/hospital-da-costa-do-cacau-300x198.jpg\" alt=\"hospital da costa do cacau\" width=\"300\" height=\"198\" srcset=\"https:\/\/www.blogdothame.blog.br\/v1\/wp-content\/uploads\/2018\/02\/hospital-da-costa-do-cacau-300x198.jpg 300w, https:\/\/www.blogdothame.blog.br\/v1\/wp-content\/uploads\/2018\/02\/hospital-da-costa-do-cacau.jpg 1000w\" sizes=\"(max-width: 300px) 100vw, 300px\" \/><\/p>\n<p>Um espa\u00e7o dedicado a oferecer orienta\u00e7\u00f5es para uma vida saud\u00e1vel, esse \u00e9 o objetivo da I Feira de Sa\u00fade do Hospital Regional Costa do Cacau (HRCC), que ser\u00e1 realizada nos dias 26 e 27 de mar\u00e7o. O evento marca os 100 dias de funcionamento da unidade e estar\u00e1 aberto ao p\u00fablico de 08h \u00e0s 18h, em frente ao ambulat\u00f3rio.<\/p>\n<p>Mar\u00e7o \u00e9 o m\u00eas dedicado \u00e0 mulher e para contemplar essa data, a unidade m\u00f3vel de mamografia realizar\u00e1 um mutir\u00e3o instruindo as mulheres sobre o autoexame de mamas para poss\u00edvel detec\u00e7\u00e3o de n\u00f3dulos.<\/p>\n<p>A faixa et\u00e1ria para realiza\u00e7\u00e3o do exame de mamografia \u00e9 de 50 a 69 anos, preconizada pela Organiza\u00e7\u00e3o Mundial da Sa\u00fade (OMS) e pelo Minist\u00e9rio da Sa\u00fade para rastreamento preventivo do c\u00e2ncer de mama. As interessadas devem comparecer portando cart\u00e3o SUS, documento de identidade (RG) e comprovante de resid\u00eancia atualizado, ambos original e c\u00f3pia.<\/p>\n<p><!--more--><br \/>\nO evento \u00e9 aberto \u00e0 popula\u00e7\u00e3o de Ilh\u00e9us e munic\u00edpios circunvizinhos, contudo as mulheres t\u00eam atendimento especial. Os servi\u00e7os de mastologia t\u00eam papel fundamental na preserva\u00e7\u00e3o da sa\u00fade feminina.<\/p>\n<p>Ser\u00e3o realizados 280 exames, em dois dias de perman\u00eancia da unidade m\u00f3vel. Contudo, vale ressaltar que as mulheres que fizeram mastectomia (remo\u00e7\u00e3o de uma ou ambas as mamas) ou cirurgia para a retirada de n\u00f3dulo devem procurar um centro de refer\u00eancia.<\/p>\n<p>A programa\u00e7\u00e3o tamb\u00e9m inclui consultas em diversas especialidades;\u00a0testes r\u00e1pidos para o diagn\u00f3stico do HIV, da s\u00edfilis e das hepatites B e C; aferi\u00e7\u00e3o de press\u00e3o arterial; vacina\u00e7\u00e3o para adultos e crian\u00e7as; al\u00e9m de\u00a0distribui\u00e7\u00e3o de material educativo sobre sa\u00fade da mulher e preven\u00e7\u00e3o de doen\u00e7as.\u00a0Os testes r\u00e1pidos ser\u00e3o oferecidos na ter\u00e7a-feira (27\/03), de 08h \u00e0s 13h.<\/p>\n<p>A equipe de imuniza\u00e7\u00e3o do munic\u00edpio de Ilh\u00e9us ir\u00e1 vacinar a popula\u00e7\u00e3o contra a febre amarela, hepatite B, HPV (oferecida a meninas de 9 a 15 anos incompletos e a meninos de 11 a 15 anos incompletos), t\u00e9tano e tr\u00edplice viral (sarampo, caxumba e rub\u00e9ola). As crian\u00e7as receber\u00e3o as doses de todas as vacinas do calend\u00e1rio. \u00c9 importante que seja apresentada a caderneta de vacina\u00e7\u00e3o. A imuniza\u00e7\u00e3o vai ocorrer nos dois dias, sempre de 08h \u00e0s 13h.<\/p>\n<p>\u201cA finalidade \u00e9 ofertar a\u00e7\u00f5es que auxiliem a popula\u00e7\u00e3o a olhar para a pr\u00f3pria sa\u00fade, atrav\u00e9s de atendimentos e orienta\u00e7\u00f5es b\u00e1sicas\u201d, explica o diretor-geral do HRCC, Hernani Vaz Kr\u00fcger.<\/p>\n","protected":false},"excerpt":{"rendered":"<p>Um espa\u00e7o dedicado a oferecer orienta\u00e7\u00f5es para uma vida saud\u00e1vel, esse \u00e9 o objetivo da I Feira de Sa\u00fade do Hospital Regional Costa do Cacau (HRCC), que ser\u00e1 realizada nos dias 26 e 27 de mar\u00e7o. O evento marca os 100 dias de funcionamento da unidade e estar\u00e1 aberto ao p\u00fablico de 08h \u00e0s 18h, [&hellip;]<\/p>\n","protected":false},"author":2,"featured_media":0,"comment_status":"open","ping_status":"open","sticky":false,"template":"","format":"standard","meta":{"_links_to":"","_links_to_target":""},"categories":[1],"tags":[8301,18987,218],"_links":{"self":[{"href":"https:\/\/www.blogdothame.blog.br\/v1\/wp-json\/wp\/v2\/posts\/74314"}],"collection":[{"href":"https:\/\/www.blogdothame.blog.br\/v1\/wp-json\/wp\/v2\/posts"}],"about":[{"href":"https:\/\/www.blogdothame.blog.br\/v1\/wp-json\/wp\/v2\/types\/post"}],"author":[{"embeddable":true,"href":"https:\/\/www.blogdothame.blog.br\/v1\/wp-json\/wp\/v2\/users\/2"}],"replies":[{"embeddable":true,"href":"https:\/\/www.blogdothame.blog.br\/v1\/wp-json\/wp\/v2\/comments?post=74314"}],"version-history":[{"count":4,"href":"https:\/\/www.blogdothame.blog.br\/v1\/wp-json\/wp\/v2\/posts\/74314\/revisions"}],"predecessor-version":[{"id":74391,"href":"https:\/\/www.blogdothame.blog.br\/v1\/wp-json\/wp\/v2\/posts\/74314\/revisions\/74391"}],"wp:attachment":[{"href":"https:\/\/www.blogdothame.blog.br\/v1\/wp-json\/wp\/v2\/media?parent=74314"}],"wp:term":[{"taxonomy":"category","embeddable":true,"href":"https:\/\/www.blogdothame.blog.br\/v1\/wp-json\/wp\/v2\/categories?post=74314"},{"taxonomy":"post_tag","embeddable":true,"href":"https:\/\/www.blogdothame.blog.br\/v1\/wp-json\/wp\/v2\/tags?post=74314"}],"curies":[{"name":"wp","href":"https:\/\/api.w.org\/{rel}","templated":true}]}}