{"id":74305,"date":"2018-03-22T14:47:07","date_gmt":"2018-03-22T17:47:07","guid":{"rendered":"http:\/\/www.blogdothame.blog.br\/v1\/?p=74305"},"modified":"2018-03-22T08:49:28","modified_gmt":"2018-03-22T11:49:28","slug":"fardas-usadas-viram-artesanato-em-feira-da-policia-militar","status":"publish","type":"post","link":"https:\/\/www.blogdothame.blog.br\/v1\/2018\/03\/22\/fardas-usadas-viram-artesanato-em-feira-da-policia-militar\/","title":{"rendered":"Fardas usadas viram artesanato em feira da Pol\u00edcia Militar"},"content":{"rendered":"<p><img loading=\"lazy\" class=\"alignright  wp-image-74306\" src=\"http:\/\/www.blogdothame.blog.br\/v1\/wp-content\/uploads\/2018\/03\/arte-pm.jpg\" alt=\"arte pm\" width=\"357\" height=\"238\" srcset=\"https:\/\/www.blogdothame.blog.br\/v1\/wp-content\/uploads\/2018\/03\/arte-pm.jpg 512w, https:\/\/www.blogdothame.blog.br\/v1\/wp-content\/uploads\/2018\/03\/arte-pm-300x200.jpg 300w\" sizes=\"(max-width: 357px) 100vw, 357px\" \/>A Pol\u00edcia Militar da Bahia, por meio do Departamento de Promo\u00e7\u00e3o Social (DPS), promove nesta sexta-feira (23), das 9 \u00e0s 16h, na Vila Militar do Bonfim, na Cidade Baixa, em Salvador, uma Feira de Artesanato, aberta \u00e0 comunidade, que vai reunir material produzido por policiais militares com a utiliza\u00e7\u00e3o de fardas usadas, minimizando o impacto ambiental ao retir\u00e1-las do descarte sem aproveitamento.<\/p>\n<p>O objetivo da feira \u00e9 agregar valores humanos e econ\u00f4micos aos artes\u00e3os policiais militares e seus dependentes, promovendo troca de experi\u00eancias entre eles e valorizando as habilidades e o empreendedorismo individual. Al\u00e9m disso, buscar uma aproxima\u00e7\u00e3o da Pol\u00edcia Militar com os soteropolitanos.<\/p>\n<p>Integram tamb\u00e9m esta primeira edi\u00e7\u00e3o da feira os dependentes de PMs que tamb\u00e9m fazem trabalhos art\u00edsticos manuais e participaram dos seis meses do curso de corte e costura do Servi\u00e7o Nacional da Ind\u00fastria (Senai), realizado no ano passado em parceria com a PM.<\/p>\n<p>Ao todo, a Feira de Artesanato contar\u00e1 com 44 expositores que apresentar\u00e3o bonecas, panos de prato, bijuterias e acess\u00f3rios, roupas customizadas, velas arom\u00e1ticas, trabalho com flores, pe\u00e7as decorativas, entre outros objetos<\/p>\n","protected":false},"excerpt":{"rendered":"<p>A Pol\u00edcia Militar da Bahia, por meio do Departamento de Promo\u00e7\u00e3o Social (DPS), promove nesta sexta-feira (23), das 9 \u00e0s 16h, na Vila Militar do Bonfim, na Cidade Baixa, em Salvador, uma Feira de Artesanato, aberta \u00e0 comunidade, que vai reunir material produzido por policiais militares com a utiliza\u00e7\u00e3o de fardas usadas, minimizando o impacto [&hellip;]<\/p>\n","protected":false},"author":2,"featured_media":0,"comment_status":"open","ping_status":"open","sticky":false,"template":"","format":"standard","meta":{"_links_to":"","_links_to_target":""},"categories":[1],"tags":[21121,1861],"_links":{"self":[{"href":"https:\/\/www.blogdothame.blog.br\/v1\/wp-json\/wp\/v2\/posts\/74305"}],"collection":[{"href":"https:\/\/www.blogdothame.blog.br\/v1\/wp-json\/wp\/v2\/posts"}],"about":[{"href":"https:\/\/www.blogdothame.blog.br\/v1\/wp-json\/wp\/v2\/types\/post"}],"author":[{"embeddable":true,"href":"https:\/\/www.blogdothame.blog.br\/v1\/wp-json\/wp\/v2\/users\/2"}],"replies":[{"embeddable":true,"href":"https:\/\/www.blogdothame.blog.br\/v1\/wp-json\/wp\/v2\/comments?post=74305"}],"version-history":[{"count":1,"href":"https:\/\/www.blogdothame.blog.br\/v1\/wp-json\/wp\/v2\/posts\/74305\/revisions"}],"predecessor-version":[{"id":74307,"href":"https:\/\/www.blogdothame.blog.br\/v1\/wp-json\/wp\/v2\/posts\/74305\/revisions\/74307"}],"wp:attachment":[{"href":"https:\/\/www.blogdothame.blog.br\/v1\/wp-json\/wp\/v2\/media?parent=74305"}],"wp:term":[{"taxonomy":"category","embeddable":true,"href":"https:\/\/www.blogdothame.blog.br\/v1\/wp-json\/wp\/v2\/categories?post=74305"},{"taxonomy":"post_tag","embeddable":true,"href":"https:\/\/www.blogdothame.blog.br\/v1\/wp-json\/wp\/v2\/tags?post=74305"}],"curies":[{"name":"wp","href":"https:\/\/api.w.org\/{rel}","templated":true}]}}