{"id":74276,"date":"2018-03-21T14:12:12","date_gmt":"2018-03-21T17:12:12","guid":{"rendered":"http:\/\/www.blogdothame.blog.br\/v1\/?p=74276"},"modified":"2018-03-21T15:11:22","modified_gmt":"2018-03-21T18:11:22","slug":"em-ipira-rui-entrega-fabrica-escola-para-alunos-da-educacao-profissional-e-reforca-abastecimento-de-agua","status":"publish","type":"post","link":"https:\/\/www.blogdothame.blog.br\/v1\/2018\/03\/21\/em-ipira-rui-entrega-fabrica-escola-para-alunos-da-educacao-profissional-e-reforca-abastecimento-de-agua\/","title":{"rendered":"Em Ipir\u00e1, Rui entrega f\u00e1brica escola para alunos da Educa\u00e7\u00e3o Profissional e refor\u00e7a abastecimento de \u00e1gua"},"content":{"rendered":"<p><img loading=\"lazy\" class=\"alignright  wp-image-74277\" src=\"http:\/\/www.blogdothame.blog.br\/v1\/wp-content\/uploads\/2018\/03\/ip-1-300x200.jpg\" alt=\"ip 1\" width=\"269\" height=\"179\" srcset=\"https:\/\/www.blogdothame.blog.br\/v1\/wp-content\/uploads\/2018\/03\/ip-1-300x200.jpg 300w, https:\/\/www.blogdothame.blog.br\/v1\/wp-content\/uploads\/2018\/03\/ip-1.jpg 512w\" sizes=\"(max-width: 269px) 100vw, 269px\" \/>Os estudantes de Ipir\u00e1, no centro-norte baiano, agora contam com um Centro Territorial de Educa\u00e7\u00e3o Profissional (Cetep) renovado. Na manh\u00e3 desta quarta-feira (21), o governador Rui Costa inaugurou as novas depend\u00eancias da unidade da Bacia do Jacu\u00edpe, que contam com laborat\u00f3rios de inform\u00e1tica, enfermagem, an\u00e1lises cl\u00ednicas e uma F\u00e1brica Escola do Couro, para capacitar os alunos em modelagem, corte e costura de pe\u00e7as como bolsas, sapatos e carteiras.<\/p>\n<p>\u201cInauguramos aqui hoje uma obra no valor de R$ 1,2 milh\u00e3o. Estamos realizando o sonho de muitos jovens de concluir o ensino m\u00e9dio com uma profiss\u00e3o\u201d, declarou o governador sobre a reforma e compra de equipamentos para o Cetep Bacia do Jacu\u00edpe.<img loading=\"lazy\" class=\"alignright  wp-image-74278\" src=\"http:\/\/www.blogdothame.blog.br\/v1\/wp-content\/uploads\/2018\/03\/ip-2-300x200.jpg\" alt=\"ip 2\" width=\"266\" height=\"177\" srcset=\"https:\/\/www.blogdothame.blog.br\/v1\/wp-content\/uploads\/2018\/03\/ip-2-300x200.jpg 300w, https:\/\/www.blogdothame.blog.br\/v1\/wp-content\/uploads\/2018\/03\/ip-2.jpg 512w\" sizes=\"(max-width: 266px) 100vw, 266px\" \/><\/p>\n<p>Na ocasi\u00e3o, Rui sugeriu ao secret\u00e1rio estadual da Educa\u00e7\u00e3o, Walter Pinheiro, a cria\u00e7\u00e3o de um curso de design de produtos, para agregar mais uma fun\u00e7\u00e3o aos alunos que j\u00e1 est\u00e3o aprendendo a manusear o couro. \u201cO que n\u00f3s queremos com essa F\u00e1brica Escola \u00e9 treinar e capacitar o estudante n\u00e3o s\u00f3 para ser empregado, mas para ele empreender, se ele quiser\u201d, afirmou o governador.<\/p>\n<p>Abastecimento e esgotamento<\/p>\n<p>Na visita \u00e0 cidade, Rui Costa tamb\u00e9m inaugurou dois Sistemas Simplificados de <img loading=\"lazy\" class=\"alignright  wp-image-74279\" src=\"http:\/\/www.blogdothame.blog.br\/v1\/wp-content\/uploads\/2018\/03\/ip-4-300x200.jpg\" alt=\"ip 4\" width=\"221\" height=\"147\" srcset=\"https:\/\/www.blogdothame.blog.br\/v1\/wp-content\/uploads\/2018\/03\/ip-4-300x200.jpg 300w, https:\/\/www.blogdothame.blog.br\/v1\/wp-content\/uploads\/2018\/03\/ip-4.jpg 512w\" sizes=\"(max-width: 221px) 100vw, 221px\" \/>Abastecimento de \u00c1gua (SSAA), um deles no Assentamento 1\u00ba de abril e o outro, com dessalinizador, na localidade de Canabrava.<br \/>\nO governador ainda autorizou a implanta\u00e7\u00e3o do SSAA de doze localidades de Ipir\u00e1, com recurso de R$ 1,17 milh\u00e3o; e assinou ordem de servi\u00e7o para a complementa\u00e7\u00e3o das obras de amplia\u00e7\u00e3o do Sistema de Esgotamento Sanit\u00e1rio do munic\u00edpio, com um investimento de R$ 22 milh\u00f5es. \u201c\u00c9 com muito orgulho, neste momento de crise, que n\u00f3s anunciamos esse investimento extraordin\u00e1rio\u201d, destacou Rui Costa.<\/p>\n<p>Mais entregas<img loading=\"lazy\" class=\"alignright  wp-image-74280\" src=\"http:\/\/www.blogdothame.blog.br\/v1\/wp-content\/uploads\/2018\/03\/ip-3-300x200.jpg\" alt=\"ip 3\" width=\"237\" height=\"158\" srcset=\"https:\/\/www.blogdothame.blog.br\/v1\/wp-content\/uploads\/2018\/03\/ip-3-300x200.jpg 300w, https:\/\/www.blogdothame.blog.br\/v1\/wp-content\/uploads\/2018\/03\/ip-3.jpg 512w\" sizes=\"(max-width: 237px) 100vw, 237px\" \/><\/p>\n<p>A cidade de Ipir\u00e1 recebeu ainda uma ambul\u00e2ncia e tamb\u00e9m um trator com implementos agr\u00edcolas, que ser\u00e1 destinado \u00e0 comunidade Kolping, da localidade de Cora\u00e7\u00e3o de Maria. Aproveitando a oportunidade, o governador distribuiu 727 t\u00edtulos do Cadastro Ambiental Rural (CAR), para pequenos propriet\u00e1rios de terra do munic\u00edpio. (Fotos: Manu Dias\/GOVBA)<\/p>\n","protected":false},"excerpt":{"rendered":"<p>Os estudantes de Ipir\u00e1, no centro-norte baiano, agora contam com um Centro Territorial de Educa\u00e7\u00e3o Profissional (Cetep) renovado. Na manh\u00e3 desta quarta-feira (21), o governador Rui Costa inaugurou as novas depend\u00eancias da unidade da Bacia do Jacu\u00edpe, que contam com laborat\u00f3rios de inform\u00e1tica, enfermagem, an\u00e1lises cl\u00ednicas e uma F\u00e1brica Escola do Couro, para capacitar os [&hellip;]<\/p>\n","protected":false},"author":2,"featured_media":0,"comment_status":"open","ping_status":"open","sticky":false,"template":"","format":"standard","meta":{"_links_to":"","_links_to_target":""},"categories":[1],"tags":[7913,9951,16,8280,615],"_links":{"self":[{"href":"https:\/\/www.blogdothame.blog.br\/v1\/wp-json\/wp\/v2\/posts\/74276"}],"collection":[{"href":"https:\/\/www.blogdothame.blog.br\/v1\/wp-json\/wp\/v2\/posts"}],"about":[{"href":"https:\/\/www.blogdothame.blog.br\/v1\/wp-json\/wp\/v2\/types\/post"}],"author":[{"embeddable":true,"href":"https:\/\/www.blogdothame.blog.br\/v1\/wp-json\/wp\/v2\/users\/2"}],"replies":[{"embeddable":true,"href":"https:\/\/www.blogdothame.blog.br\/v1\/wp-json\/wp\/v2\/comments?post=74276"}],"version-history":[{"count":3,"href":"https:\/\/www.blogdothame.blog.br\/v1\/wp-json\/wp\/v2\/posts\/74276\/revisions"}],"predecessor-version":[{"id":74283,"href":"https:\/\/www.blogdothame.blog.br\/v1\/wp-json\/wp\/v2\/posts\/74276\/revisions\/74283"}],"wp:attachment":[{"href":"https:\/\/www.blogdothame.blog.br\/v1\/wp-json\/wp\/v2\/media?parent=74276"}],"wp:term":[{"taxonomy":"category","embeddable":true,"href":"https:\/\/www.blogdothame.blog.br\/v1\/wp-json\/wp\/v2\/categories?post=74276"},{"taxonomy":"post_tag","embeddable":true,"href":"https:\/\/www.blogdothame.blog.br\/v1\/wp-json\/wp\/v2\/tags?post=74276"}],"curies":[{"name":"wp","href":"https:\/\/api.w.org\/{rel}","templated":true}]}}