{"id":74253,"date":"2018-03-21T08:35:54","date_gmt":"2018-03-21T11:35:54","guid":{"rendered":"http:\/\/www.blogdothame.blog.br\/v1\/?p=74253"},"modified":"2018-03-21T08:35:54","modified_gmt":"2018-03-21T11:35:54","slug":"estamos-fazendo-ajustes-para-que-possamos-ter-a-retomada-da-fiol-e-o-inicio-do-porto-sul-afirma-rui-costa-apos-reuniao-com-chineses","status":"publish","type":"post","link":"https:\/\/www.blogdothame.blog.br\/v1\/2018\/03\/21\/estamos-fazendo-ajustes-para-que-possamos-ter-a-retomada-da-fiol-e-o-inicio-do-porto-sul-afirma-rui-costa-apos-reuniao-com-chineses\/","title":{"rendered":"\u201cEstamos fazendo ajustes para que possamos ter a retomada da Fiol e o in\u00edcio do Porto Sul\u201d, afirma Rui Costa ap\u00f3s reuni\u00e3o com chineses"},"content":{"rendered":"<p><img loading=\"lazy\" class=\"aligncenter  wp-image-74255\" src=\"http:\/\/www.blogdothame.blog.br\/v1\/wp-content\/uploads\/2018\/03\/Foto_Alberto-Coutinho_GOVBA-3-1-1024x682.jpg\" alt=\"Foto_Alberto Coutinho_GOVBA (3) (1)\" width=\"446\" height=\"297\" srcset=\"https:\/\/www.blogdothame.blog.br\/v1\/wp-content\/uploads\/2018\/03\/Foto_Alberto-Coutinho_GOVBA-3-1-1024x682.jpg 1024w, https:\/\/www.blogdothame.blog.br\/v1\/wp-content\/uploads\/2018\/03\/Foto_Alberto-Coutinho_GOVBA-3-1-300x200.jpg 300w, https:\/\/www.blogdothame.blog.br\/v1\/wp-content\/uploads\/2018\/03\/Foto_Alberto-Coutinho_GOVBA-3-1.jpg 1280w\" sizes=\"(max-width: 446px) 100vw, 446px\" \/><\/p>\n<p>Os principais executivos de duas empresas chinesas que formam o cons\u00f3rcio com a Bahia Minera\u00e7\u00e3o para constru\u00e7\u00e3o do Porto Sul e Ferrovia Oeste-Leste (Fiol), al\u00e9m da explora\u00e7\u00e3o da mina de min\u00e9rio de ferro em Caetit\u00e9, se reuniram com o governador Rui Costa, o secret\u00e1rio estadual de Desenvolvimento Econ\u00f4mico, Jaques Wagner, e o secret\u00e1rio da Casa Civil, Bruno Dauster, na tarde desta ter\u00e7a-feira (20), na Governadoria, em Salvador.<\/p>\n<p><img loading=\"lazy\" class=\"alignright size-medium wp-image-74254\" src=\"http:\/\/www.blogdothame.blog.br\/v1\/wp-content\/uploads\/2018\/03\/Foto_Alberto-Coutinho_GOVBA-2-300x200.jpg\" alt=\"Foto_Alberto Coutinho_GOVBA (2)\" width=\"300\" height=\"200\" srcset=\"https:\/\/www.blogdothame.blog.br\/v1\/wp-content\/uploads\/2018\/03\/Foto_Alberto-Coutinho_GOVBA-2-300x200.jpg 300w, https:\/\/www.blogdothame.blog.br\/v1\/wp-content\/uploads\/2018\/03\/Foto_Alberto-Coutinho_GOVBA-2-1024x682.jpg 1024w, https:\/\/www.blogdothame.blog.br\/v1\/wp-content\/uploads\/2018\/03\/Foto_Alberto-Coutinho_GOVBA-2.jpg 1280w\" sizes=\"(max-width: 300px) 100vw, 300px\" \/>Durante encontro de apresenta\u00e7\u00e3o, os executivos das empresas CREC e CCCC refor\u00e7aram o interesse em, juntamente com a Bahia Minera\u00e7\u00e3o, iniciar as atividades o quanto antes no estado da Bahia. Al\u00e9m da visita ao governador, o grupo de 11 chineses visitou essa semana a mina em Caetit\u00e9, as obras da Fiol e o local onde ser\u00e1 constru\u00eddo o Porto Sul, em Ilh\u00e9us. Antes do encontro com o governador, nesta ter\u00e7a (20), eles tamb\u00e9m fizeram uma visita de cortesia a uma comiss\u00e3o de deputados na Assembleia Legislativa (Alba).<\/p>\n<p>Na ocasi\u00e3o, Rui destacou o trabalho que vem sendo realizado para trazer grupos estrangeiros que tenham interesse nos projetos e afirmou que at\u00e9 o fim deste ano ser\u00e1 tomada uma decis\u00e3o. \u201cNos reunimos com o cons\u00f3rcio formado por empresas chinesas que est\u00e3o se preparando para disputar o leil\u00e3o [da Fiol], que o governo federal deve publicar ainda esse ano. A minha expectativa \u00e9 de que possamos ter uma solu\u00e7\u00e3o definitiva sobre esses dois empreendimentos [Fiol e Porto Sul] ainda em 2018. Estamos dando os \u00faltimos passos e fazendo ajustes para que no in\u00edcio de 2019 possamos fazer a retomada da obra da ferrovia e o in\u00edcio r\u00e1pido e consistente do Porto Sul. Daremos um passo expressivo para o desenvolvimento da Bahia e levaremos ao interior do estado uma infraestrutura capaz de acelerar o crescimento e a oportunidade de emprego para o nosso povo\u201d, ressaltou.<\/p>\n<p><!--more--><\/p>\n<p>O presidente da Bahia Minera\u00e7\u00e3o, Eduardo Ledsham, afirmou que o encontro \u00e9 importante para que os participantes do cons\u00f3rcio conhe\u00e7am o potencial de cada um dos empreendimentos. \u201cEssas negocia\u00e7\u00f5es fazem parte do cronograma que j\u00e1 foi definido desde o ano passado. Estamos recebendo a visita do representante dos controladores de uma das maiores empresas do cons\u00f3rcio e temos uma programa\u00e7\u00e3o bastante intensa at\u00e9 o segundo semestre. A partir da\u00ed, \u00e9 poss\u00edvel obter uma avalia\u00e7\u00e3o e ter o conhecimento cada vez melhor dos ativos tanto da mina quanto do Porto Sul e da Fiol\u201d.<\/p>\n<p>Acordo em fevereiro<\/p>\n<p>No \u00faltimo dia 6 de fevereiro, outros executivos da CREC e CCCC estiveram na Governadoria, quando, na presen\u00e7a do governador, assinaram acordo com a Bahia Minera\u00e7\u00e3o que permitiu que as institui\u00e7\u00f5es discutam os neg\u00f3cios do projeto para a forma\u00e7\u00e3o de uma joint venture, alian\u00e7a entre empresas para realiza\u00e7\u00e3o de atividade econ\u00f4mica em comum.<\/p>\n<p>Em dezembro passado, o Governo do Estado e a Bamin firmaram acordo na China com o cronograma de atividades iniciais para as obras do Porto Sul, que j\u00e1 possui todas as licen\u00e7as necess\u00e1rias para in\u00edcio da constru\u00e7\u00e3o.<\/p>\n<p>Reuni\u00e3o em Pequim<\/p>\n<p>Em setembro de 2017, Rui assinou, em Pequim, acordo com empresas chinesas e o Eurasian Resources Group, acionista da Bahia Minera\u00e7\u00e3o, para financiamento do projeto do Porto Sul, da Fiol e da mina de Pedra de Ferro, localizada em Caetit\u00e9-Bahia. O documento estabelece que as partes desejam cooperar para o desenvolvimento totalmente integrado do Porto Sul, da Fiol e da mina, j\u00e1 que os tr\u00eas projetos est\u00e3o interligados.<\/p>\n<p>O Porto Sul tem investimento total previsto de R$ 2,7 bilh\u00f5es e ser\u00e1 constru\u00eddo na localidade de Aritagu\u00e1, no litoral norte de Ilh\u00e9us. Pelo porto ser\u00e1 escoado, principalmente, o min\u00e9rio de ferro extra\u00eddo pela Bahia Minera\u00e7\u00e3o no munic\u00edpio de Caetit\u00e9. A previs\u00e3o \u00e9 que cerca de 20 milh\u00f5es de toneladas ao ano de min\u00e9rio de ferro de alta qualidade sejam escoados pelo prazo de at\u00e9 30 anos. O min\u00e9rio sair\u00e1 de Caetit\u00e9 e chegar\u00e1 ao porto, em Ilh\u00e9us, atrav\u00e9s da Ferrovia Oeste-Leste que ter\u00e1 extens\u00e3o de 1.527 km, sendo 1.100 km no estado da Bahia. A ferrovia ter\u00e1 capacidade para transporte 60 milh\u00f5es de toneladas por ano. (<br \/>\nFotos: Alberto Coutinho\/GOVBA)<\/p>\n","protected":false},"excerpt":{"rendered":"<p>Os principais executivos de duas empresas chinesas que formam o cons\u00f3rcio com a Bahia Minera\u00e7\u00e3o para constru\u00e7\u00e3o do Porto Sul e Ferrovia Oeste-Leste (Fiol), al\u00e9m da explora\u00e7\u00e3o da mina de min\u00e9rio de ferro em Caetit\u00e9, se reuniram com o governador Rui Costa, o secret\u00e1rio estadual de Desenvolvimento Econ\u00f4mico, Jaques Wagner, e o secret\u00e1rio da Casa [&hellip;]<\/p>\n","protected":false},"author":2,"featured_media":0,"comment_status":"open","ping_status":"open","sticky":false,"template":"","format":"standard","meta":{"_links_to":"","_links_to_target":""},"categories":[1],"tags":[1398,22,16,165,615],"_links":{"self":[{"href":"https:\/\/www.blogdothame.blog.br\/v1\/wp-json\/wp\/v2\/posts\/74253"}],"collection":[{"href":"https:\/\/www.blogdothame.blog.br\/v1\/wp-json\/wp\/v2\/posts"}],"about":[{"href":"https:\/\/www.blogdothame.blog.br\/v1\/wp-json\/wp\/v2\/types\/post"}],"author":[{"embeddable":true,"href":"https:\/\/www.blogdothame.blog.br\/v1\/wp-json\/wp\/v2\/users\/2"}],"replies":[{"embeddable":true,"href":"https:\/\/www.blogdothame.blog.br\/v1\/wp-json\/wp\/v2\/comments?post=74253"}],"version-history":[{"count":1,"href":"https:\/\/www.blogdothame.blog.br\/v1\/wp-json\/wp\/v2\/posts\/74253\/revisions"}],"predecessor-version":[{"id":74256,"href":"https:\/\/www.blogdothame.blog.br\/v1\/wp-json\/wp\/v2\/posts\/74253\/revisions\/74256"}],"wp:attachment":[{"href":"https:\/\/www.blogdothame.blog.br\/v1\/wp-json\/wp\/v2\/media?parent=74253"}],"wp:term":[{"taxonomy":"category","embeddable":true,"href":"https:\/\/www.blogdothame.blog.br\/v1\/wp-json\/wp\/v2\/categories?post=74253"},{"taxonomy":"post_tag","embeddable":true,"href":"https:\/\/www.blogdothame.blog.br\/v1\/wp-json\/wp\/v2\/tags?post=74253"}],"curies":[{"name":"wp","href":"https:\/\/api.w.org\/{rel}","templated":true}]}}