{"id":74069,"date":"2018-03-15T09:10:02","date_gmt":"2018-03-15T12:10:02","guid":{"rendered":"http:\/\/www.blogdothame.blog.br\/v1\/?p=74069"},"modified":"2018-03-15T09:10:02","modified_gmt":"2018-03-15T12:10:02","slug":"o-exercicio-de-implementar-o-que-se-acredita-nao-pode-ser-cerceado-por-diferencas-ideologicas-diz-rui-em-reuniao-do-cedeter","status":"publish","type":"post","link":"https:\/\/www.blogdothame.blog.br\/v1\/2018\/03\/15\/o-exercicio-de-implementar-o-que-se-acredita-nao-pode-ser-cerceado-por-diferencas-ideologicas-diz-rui-em-reuniao-do-cedeter\/","title":{"rendered":"&#8220;O exerc\u00edcio de implementar o que se acredita n\u00e3o pode ser cerceado por diferen\u00e7as ideol\u00f3gicas&#8221;, diz Rui em reuni\u00e3o do Cedeter"},"content":{"rendered":"<p><img loading=\"lazy\" class=\"alignright size-medium wp-image-74070\" src=\"http:\/\/www.blogdothame.blog.br\/v1\/wp-content\/uploads\/2018\/03\/Foto_Manu-Dias_GOVBA-300x200.jpeg\" alt=\"Foto_Manu Dias_GOVBA\" width=\"300\" height=\"200\" srcset=\"https:\/\/www.blogdothame.blog.br\/v1\/wp-content\/uploads\/2018\/03\/Foto_Manu-Dias_GOVBA-300x200.jpeg 300w, https:\/\/www.blogdothame.blog.br\/v1\/wp-content\/uploads\/2018\/03\/Foto_Manu-Dias_GOVBA-1024x683.jpeg 1024w, https:\/\/www.blogdothame.blog.br\/v1\/wp-content\/uploads\/2018\/03\/Foto_Manu-Dias_GOVBA.jpeg 1224w\" sizes=\"(max-width: 300px) 100vw, 300px\" \/>A primeira reuni\u00e3o ordin\u00e1ria do ano do Conselho Estadual de Desenvolvimento Territorial (Cedeter), nesta quarta-feira (14), teve a presen\u00e7a do governador Rui Costa. O encontro, realizado no audit\u00f3rio da Secretaria de Planejamento do Estado (Seplan), \u00f3rg\u00e3o ao qual a entidade \u00e9 vinculada, apresentou as atividades e a\u00e7\u00f5es a serem realizadas em 2018 e as iniciativas de \u00f3rg\u00e3os estaduais que beneficiam os 27 Territ\u00f3rios de Identidade da Bahia.<\/p>\n<p>Participando pela primeira vez de uma reuni\u00e3o do Cedeter, Rui comentou que &#8220;um desafio proposto para o Conselho \u00e9 que haja, constantemente, a proposi\u00e7\u00e3o para superar os pr\u00f3prios limites. O exerc\u00edcio de implementar o que se acredita n\u00e3o pode ser cerceado por diferen\u00e7as ideol\u00f3gicas. O Conselho cria unidades de planejamento por territ\u00f3rio, seja na \u00e1rea de sa\u00fade, seguran\u00e7a ou educa\u00e7\u00e3o&#8221;.<\/p>\n<p><img loading=\"lazy\" class=\"aligncenter size-medium wp-image-74071\" src=\"http:\/\/www.blogdothame.blog.br\/v1\/wp-content\/uploads\/2018\/03\/Foto_Manu-Dias_GOVBA-2-300x200.jpeg\" alt=\"Foto_Manu Dias_GOVBA (2)\" width=\"300\" height=\"200\" srcset=\"https:\/\/www.blogdothame.blog.br\/v1\/wp-content\/uploads\/2018\/03\/Foto_Manu-Dias_GOVBA-2-300x200.jpeg 300w, https:\/\/www.blogdothame.blog.br\/v1\/wp-content\/uploads\/2018\/03\/Foto_Manu-Dias_GOVBA-2-1024x682.jpeg 1024w, https:\/\/www.blogdothame.blog.br\/v1\/wp-content\/uploads\/2018\/03\/Foto_Manu-Dias_GOVBA-2.jpeg 1280w\" sizes=\"(max-width: 300px) 100vw, 300px\" \/><\/p>\n<p>O encontro foi marcado pela assinatura de um termo de coopera\u00e7\u00e3o entre a Seplan e a Secretaria de Desenvolvimento Rural (SDR), que engloba um montante de R$ 500 mil e tem o objetivo de estruturar e viabilizar a realiza\u00e7\u00e3o das atividades regulares dos Col\u00e9gios Territoriais. &#8220;Essa entidade representa os 27 Territ\u00f3rios de Identidade da Bahia e j\u00e1 colocou em pr\u00e1tica pelo menos 20 projetos de relev\u00e2ncia, abrangendo diversas regi\u00f5es. \u00c9 uma honra estar \u00e0 frente do Conselho por tr\u00eas anos, mas ainda h\u00e1 muito o que ser feito&#8221;, afirmou o presidente do Cedeter, vice-governador e secret\u00e1rio do Planejamento, Jo\u00e3o Le\u00e3o.<\/p>\n<p><!--more--><\/p>\n<p>Vice-presidente do Conselho e titular da SDR, Jer\u00f4nimo Rodrigues ressaltou que &#8220;a presen\u00e7a do governador \u00e9 um momento muito importante para a entidade&#8221; e reiterou que o Conselho \u00e9 &#8220;um espa\u00e7o de concilia\u00e7\u00e3o de pol\u00edticas p\u00fablicas, bem como de amadurecimento do processo de governan\u00e7a&#8221;.<\/p>\n<p>J\u00e1 o coordenador do Colegiado do Litoral Norte e Agreste, Ubiramar Souza, destacou que &#8220;o Conselho \u00e9 a materializa\u00e7\u00e3o do processo de constru\u00e7\u00e3o em que o governo atende, verdadeiramente, as demandas da popula\u00e7\u00e3o, de acordo com as especificidades de cada territ\u00f3rio e os resultados j\u00e1 podem ser percebidos&#8221;.<\/p>\n<p>Criado por decreto em 2010 e assegurado em lei, em 2015, o Cedeter \u00e9 uma entidade de car\u00e1ter consultivo e de assessoramento, que possui a finalidade de subsidiar a elabora\u00e7\u00e3o de propostas de pol\u00edticas p\u00fablicas e estrat\u00e9gias para o desenvolvimento territorial sustent\u00e1vel e solid\u00e1rio da Bahia.<\/p>\n<p>Pauta do encontro<\/p>\n<p>Nesta primeira reuni\u00e3o de 2018, o Cedeter abordou uma s\u00e9rie de a\u00e7\u00f5es. Inicialmente, o assunto foi o programa Bahia Produtiva, que visa integrar a produ\u00e7\u00e3o de pequenos agricultores \u00e0s da agroind\u00fastria, agregando valor e acesso aos mercados. O investimento aplicado at\u00e9 2021 ultrapassar\u00e1 R$ 800 milh\u00f5es. Em dois anos de execu\u00e7\u00e3o, ocorreu a aplica\u00e7\u00e3o de mais R$ 200 milh\u00f5es em recursos, por meio de editais p\u00fablicos.<\/p>\n<p>Outro t\u00f3pico discutido foi a aproxima\u00e7\u00e3o entre os 27 Colegiados Territoriais do Conselho e os N\u00facleos Territoriais de Educa\u00e7\u00e3o. A medida contextualiza a educa\u00e7\u00e3o em cada territ\u00f3rio e envolve uma s\u00e9rie de a\u00e7\u00f5es, inclusive no \u00e2mbito da educa\u00e7\u00e3o profissional.<\/p>\n<p>Por fim, a atua\u00e7\u00e3o da Secretaria de Justi\u00e7a, Direitos Humanos e Desenvolvimento Social (SJDHDS) nos territ\u00f3rios foi ouvida pelos presentes no decorrer da exposi\u00e7\u00e3o feita pelo titular da pasta, Carlos Martins. Destaque para iniciativas que atingem todos os territ\u00f3rios, como o Passe Livre, que prev\u00ea gratuidade para pessoas com defici\u00eancia comprovada nos transportes p\u00fablicos, e as cisternas, tecnologia social de acesso \u00e0 \u00e1gua de qualidade para comunidades de baixa renda. (Fotos: Manu Dias\/GOVBA)<\/p>\n","protected":false},"excerpt":{"rendered":"<p>A primeira reuni\u00e3o ordin\u00e1ria do ano do Conselho Estadual de Desenvolvimento Territorial (Cedeter), nesta quarta-feira (14), teve a presen\u00e7a do governador Rui Costa. O encontro, realizado no audit\u00f3rio da Secretaria de Planejamento do Estado (Seplan), \u00f3rg\u00e3o ao qual a entidade \u00e9 vinculada, apresentou as atividades e a\u00e7\u00f5es a serem realizadas em 2018 e as iniciativas [&hellip;]<\/p>\n","protected":false},"author":2,"featured_media":0,"comment_status":"open","ping_status":"open","sticky":false,"template":"","format":"standard","meta":{"_links_to":"","_links_to_target":""},"categories":[1],"tags":[21073,16,615],"_links":{"self":[{"href":"https:\/\/www.blogdothame.blog.br\/v1\/wp-json\/wp\/v2\/posts\/74069"}],"collection":[{"href":"https:\/\/www.blogdothame.blog.br\/v1\/wp-json\/wp\/v2\/posts"}],"about":[{"href":"https:\/\/www.blogdothame.blog.br\/v1\/wp-json\/wp\/v2\/types\/post"}],"author":[{"embeddable":true,"href":"https:\/\/www.blogdothame.blog.br\/v1\/wp-json\/wp\/v2\/users\/2"}],"replies":[{"embeddable":true,"href":"https:\/\/www.blogdothame.blog.br\/v1\/wp-json\/wp\/v2\/comments?post=74069"}],"version-history":[{"count":1,"href":"https:\/\/www.blogdothame.blog.br\/v1\/wp-json\/wp\/v2\/posts\/74069\/revisions"}],"predecessor-version":[{"id":74072,"href":"https:\/\/www.blogdothame.blog.br\/v1\/wp-json\/wp\/v2\/posts\/74069\/revisions\/74072"}],"wp:attachment":[{"href":"https:\/\/www.blogdothame.blog.br\/v1\/wp-json\/wp\/v2\/media?parent=74069"}],"wp:term":[{"taxonomy":"category","embeddable":true,"href":"https:\/\/www.blogdothame.blog.br\/v1\/wp-json\/wp\/v2\/categories?post=74069"},{"taxonomy":"post_tag","embeddable":true,"href":"https:\/\/www.blogdothame.blog.br\/v1\/wp-json\/wp\/v2\/tags?post=74069"}],"curies":[{"name":"wp","href":"https:\/\/api.w.org\/{rel}","templated":true}]}}