{"id":74009,"date":"2018-03-14T10:30:15","date_gmt":"2018-03-14T13:30:15","guid":{"rendered":"http:\/\/www.blogdothame.blog.br\/v1\/?p=74009"},"modified":"2018-03-14T10:30:15","modified_gmt":"2018-03-14T13:30:15","slug":"professora-da-uesc-e-reeleita-presidente-do-conselho-estadual-de-educacao","status":"publish","type":"post","link":"https:\/\/www.blogdothame.blog.br\/v1\/2018\/03\/14\/professora-da-uesc-e-reeleita-presidente-do-conselho-estadual-de-educacao\/","title":{"rendered":"Professora da Uesc \u00e9 reeleita presidente do Conselho Estadual de Educa\u00e7\u00e3o"},"content":{"rendered":"<p><img loading=\"lazy\" class=\"aligncenter  wp-image-74011\" src=\"http:\/\/www.blogdothame.blog.br\/v1\/wp-content\/uploads\/2018\/03\/anatercia-2.jpg\" alt=\"anatercia 2\" width=\"262\" height=\"369\" srcset=\"https:\/\/www.blogdothame.blog.br\/v1\/wp-content\/uploads\/2018\/03\/anatercia-2.jpg 518w, https:\/\/www.blogdothame.blog.br\/v1\/wp-content\/uploads\/2018\/03\/anatercia-2-213x300.jpg 213w\" sizes=\"(max-width: 262px) 100vw, 262px\" \/><\/p>\n<p>A professora Anat\u00e9rcia Lopes\u00a0 Contreiras, da Universidade Estadual de Santa Cruz- Uesc, foi reeleita, para mais um mandato como presidente do Conselho Estadual de Educa\u00e7\u00e3o,\u00a0 em Salvador. De um col\u00e9gio eleitoral de 24 conselheiros, ela recebeu 23 votos.<\/p>\n<p>Professora adjunta da Universidade Estadual de Santa Cruz (Uesc), onde j\u00e1 exerceu o cargo de coordenadora do colegiado do Curso de Ci\u00eancias Sociais, Anat\u00e9rcia \u00e9 graduada em Estudos Sociais, pela Universidade Estadual de Feira de Santana (Uefs), e p\u00f3s-graduada (mestre e doutora) em Ci\u00eancias Sociais pela Universidade Federal da Bahia (Ufba).<\/p>\n<p>&nbsp;<\/p>\n","protected":false},"excerpt":{"rendered":"<p>A professora Anat\u00e9rcia Lopes\u00a0 Contreiras, da Universidade Estadual de Santa Cruz- Uesc, foi reeleita, para mais um mandato como presidente do Conselho Estadual de Educa\u00e7\u00e3o,\u00a0 em Salvador. De um col\u00e9gio eleitoral de 24 conselheiros, ela recebeu 23 votos. Professora adjunta da Universidade Estadual de Santa Cruz (Uesc), onde j\u00e1 exerceu o cargo de coordenadora do [&hellip;]<\/p>\n","protected":false},"author":2,"featured_media":0,"comment_status":"open","ping_status":"open","sticky":false,"template":"","format":"standard","meta":{"_links_to":"","_links_to_target":""},"categories":[1],"tags":[21057,21056],"_links":{"self":[{"href":"https:\/\/www.blogdothame.blog.br\/v1\/wp-json\/wp\/v2\/posts\/74009"}],"collection":[{"href":"https:\/\/www.blogdothame.blog.br\/v1\/wp-json\/wp\/v2\/posts"}],"about":[{"href":"https:\/\/www.blogdothame.blog.br\/v1\/wp-json\/wp\/v2\/types\/post"}],"author":[{"embeddable":true,"href":"https:\/\/www.blogdothame.blog.br\/v1\/wp-json\/wp\/v2\/users\/2"}],"replies":[{"embeddable":true,"href":"https:\/\/www.blogdothame.blog.br\/v1\/wp-json\/wp\/v2\/comments?post=74009"}],"version-history":[{"count":2,"href":"https:\/\/www.blogdothame.blog.br\/v1\/wp-json\/wp\/v2\/posts\/74009\/revisions"}],"predecessor-version":[{"id":74013,"href":"https:\/\/www.blogdothame.blog.br\/v1\/wp-json\/wp\/v2\/posts\/74009\/revisions\/74013"}],"wp:attachment":[{"href":"https:\/\/www.blogdothame.blog.br\/v1\/wp-json\/wp\/v2\/media?parent=74009"}],"wp:term":[{"taxonomy":"category","embeddable":true,"href":"https:\/\/www.blogdothame.blog.br\/v1\/wp-json\/wp\/v2\/categories?post=74009"},{"taxonomy":"post_tag","embeddable":true,"href":"https:\/\/www.blogdothame.blog.br\/v1\/wp-json\/wp\/v2\/tags?post=74009"}],"curies":[{"name":"wp","href":"https:\/\/api.w.org\/{rel}","templated":true}]}}