{"id":73844,"date":"2018-03-09T06:59:03","date_gmt":"2018-03-09T09:59:03","guid":{"rendered":"http:\/\/www.blogdothame.blog.br\/v1\/?p=73844"},"modified":"2018-03-09T12:07:10","modified_gmt":"2018-03-09T15:07:10","slug":"sema-mobiliza-comunidade-para-plano-de-revitalizacao-do-rio-cachoeira","status":"publish","type":"post","link":"https:\/\/www.blogdothame.blog.br\/v1\/2018\/03\/09\/sema-mobiliza-comunidade-para-plano-de-revitalizacao-do-rio-cachoeira\/","title":{"rendered":"Sema mobiliza comunidade para Plano de Revitaliza\u00e7\u00e3o do Rio Cachoeira"},"content":{"rendered":"<p><img loading=\"lazy\" class=\"aligncenter  wp-image-66899\" src=\"http:\/\/www.blogdothame.blog.br\/v1\/wp-content\/uploads\/2017\/09\/rc.jpg\" alt=\"Rio Cachoeira Foto Luiz Concei\u00e7\u00e3o 08.11.2012\" width=\"414\" height=\"310\" srcset=\"https:\/\/www.blogdothame.blog.br\/v1\/wp-content\/uploads\/2017\/09\/rc.jpg 955w, https:\/\/www.blogdothame.blog.br\/v1\/wp-content\/uploads\/2017\/09\/rc-300x225.jpg 300w\" sizes=\"(max-width: 414px) 100vw, 414px\" \/><\/p>\n<p>Dando continuidade \u00e0s a\u00e7\u00f5es do Projeto Cachoeira, a Secretaria do Meio Ambiente do Estado da Bahia (Sema) realizou, na \u00faltima quarta-feira (7), na Universidade Federal do Sul da Bahia (UFSB), em Itabuna, um encontro de mobiliza\u00e7\u00e3o de atores locais para articular a implementa\u00e7\u00e3o de a\u00e7\u00f5es estrat\u00e9gicas para a Bacia do Rio Cachoeira. O evento contou com representantes de comit\u00eas de bacias, assentamentos, universidades, colegiados territoriais e ambientais. Foram discutidas diretrizes e melhorias das a\u00e7\u00f5es iniciadas na bacia, visando orientar os atores envolvidos a darem continuidade ao projeto, tornando concreto o Plano Estrat\u00e9gico de Revitaliza\u00e7\u00e3o da Bacia do Rio Cachoeira.<\/p>\n<p><img loading=\"lazy\" class=\"alignright size-medium wp-image-73845\" src=\"http:\/\/www.blogdothame.blog.br\/v1\/wp-content\/uploads\/2018\/03\/sema-300x200.jpeg\" alt=\"sema\" width=\"300\" height=\"200\" srcset=\"https:\/\/www.blogdothame.blog.br\/v1\/wp-content\/uploads\/2018\/03\/sema-300x200.jpeg 300w, https:\/\/www.blogdothame.blog.br\/v1\/wp-content\/uploads\/2018\/03\/sema.jpeg 445w\" sizes=\"(max-width: 300px) 100vw, 300px\" \/>\u201c\u00c9 um evento muito bem vindo e estruturante. A gente imagina que, com esse planejamento estrat\u00e9gico, possamos nos ajudar a concretizar o que est\u00e1 sendo projetado. \u00c9 interessante e fundamental o envolvimento de todos os atores que t\u00eam liga\u00e7\u00e3o direta com o tema, para tirarmos um bom proveito dessas iniciativas, para que possamos transform\u00e1-las em a\u00e7\u00f5es concretas para melhorar o cen\u00e1rio do Rio Cachoeira\u201d, afirmou Luciano Veiga, Presidente do Comit\u00ea de Bacias do Leste.<\/p>\n<p>A professora da UFSB, Valerie Nicolier, salientou a import\u00e2ncia da participa\u00e7\u00e3o das universidades nesse contexto. \u201cComo institui\u00e7\u00e3o de ensino, pesquisa e extens\u00e3o, temos papel importante no sentido de contribuir tanto com pesquisas, como com trabalhos de extens\u00e3o envolvendo nossos alunos. Vejo tamb\u00e9m a universidade com papel de articuladora, pela inser\u00e7\u00e3o que tem no territ\u00f3rio, e pelo alcance que temos de participar de todas as reuni\u00f5es de comit\u00eas e conselhos.\u201d.<\/p>\n<p><!--more--><\/p>\n<p><img loading=\"lazy\" class=\"alignright size-medium wp-image-73846\" src=\"http:\/\/www.blogdothame.blog.br\/v1\/wp-content\/uploads\/2018\/03\/sema-4-300x200.jpeg\" alt=\"sema 4\" width=\"300\" height=\"200\" srcset=\"https:\/\/www.blogdothame.blog.br\/v1\/wp-content\/uploads\/2018\/03\/sema-4-300x200.jpeg 300w, https:\/\/www.blogdothame.blog.br\/v1\/wp-content\/uploads\/2018\/03\/sema-4.jpeg 399w\" sizes=\"(max-width: 300px) 100vw, 300px\" \/>Enxergando o evento como proveitoso e muito satisfat\u00f3rio, a secret\u00e1ria do Assentamento Alemita, Vilma Nogueira, exp\u00f4s sua empolga\u00e7\u00e3o e expectativa sobre a continuidade das a\u00e7\u00f5es. \u201cPercebi que \u00e9 um projeto muito abrangente e que n\u00f3s vamos ter um retorno maravilhoso diante de todas as iniciativas tomadas. Saio daqui muito satisfeita e espero que seja dado encaminhamento a tudo que est\u00e1 sendo planejado\u201d, afirmou.<\/p>\n<p>Presente no evento, a coordenadora de Projetos S\u00f3cio Ambientais da Sema, Luciana Santa Rita, esclareceu que \u201ccom esse evento, os atores e lideran\u00e7as locais ligados \u00e0 tem\u00e1tica ambiental conseguiram visualizar a\u00e7\u00f5es, desde aquelas que j\u00e1 est\u00e3o sendo realizadas na bacia, at\u00e9 as que eles gostariam que acontecessem. Foi poss\u00edvel fazer o levantamento dessas a\u00e7\u00f5es, listando as mais concretas e delimitadas, formando grupos por temas levantados, divididos entre restaura\u00e7\u00e3o, gest\u00e3o integrada e educa\u00e7\u00e3o ambiental. A partir da\u00ed, n\u00f3s pretendemos fazer uma agenda de discuss\u00f5es mais ampliadas dentro das tem\u00e1ticas, para a real implementa\u00e7\u00e3o das a\u00e7\u00f5es. Tivemos muito sucesso nesse evento, porque conseguimos reunir diversos atores de peso na \u00e1rea, que podem contribuir nesse processo, desde o planejamento at\u00e9 a tentativa de capta\u00e7\u00e3o de recursos\u201d.<\/p>\n<p>A Oficina de Articula\u00e7\u00e3o e Planejamento do Projeto Cachoeira \u00e9 uma das a\u00e7\u00f5es que v\u00eam sendo desenvolvidas com a parceria do Comit\u00ea de Bacia Hidrogr\u00e1fica do Leste e o Colegiado Territorial Litoral Sul, al\u00e9m dos demais atores e institui\u00e7\u00f5es de interesse na Bacia do Rio Cachoeira. As estrat\u00e9gias de mobiliza\u00e7\u00e3o servem para fortalecer e desenhar uma arquitetura de capilaridade para interligar atores sociais comprometidos com a sustentabilidade ambiental do projeto.<\/p>\n","protected":false},"excerpt":{"rendered":"<p>Dando continuidade \u00e0s a\u00e7\u00f5es do Projeto Cachoeira, a Secretaria do Meio Ambiente do Estado da Bahia (Sema) realizou, na \u00faltima quarta-feira (7), na Universidade Federal do Sul da Bahia (UFSB), em Itabuna, um encontro de mobiliza\u00e7\u00e3o de atores locais para articular a implementa\u00e7\u00e3o de a\u00e7\u00f5es estrat\u00e9gicas para a Bacia do Rio Cachoeira. O evento contou [&hellip;]<\/p>\n","protected":false},"author":2,"featured_media":0,"comment_status":"open","ping_status":"open","sticky":false,"template":"","format":"standard","meta":{"_links_to":"","_links_to_target":""},"categories":[1],"tags":[19242,21014,233],"_links":{"self":[{"href":"https:\/\/www.blogdothame.blog.br\/v1\/wp-json\/wp\/v2\/posts\/73844"}],"collection":[{"href":"https:\/\/www.blogdothame.blog.br\/v1\/wp-json\/wp\/v2\/posts"}],"about":[{"href":"https:\/\/www.blogdothame.blog.br\/v1\/wp-json\/wp\/v2\/types\/post"}],"author":[{"embeddable":true,"href":"https:\/\/www.blogdothame.blog.br\/v1\/wp-json\/wp\/v2\/users\/2"}],"replies":[{"embeddable":true,"href":"https:\/\/www.blogdothame.blog.br\/v1\/wp-json\/wp\/v2\/comments?post=73844"}],"version-history":[{"count":1,"href":"https:\/\/www.blogdothame.blog.br\/v1\/wp-json\/wp\/v2\/posts\/73844\/revisions"}],"predecessor-version":[{"id":73847,"href":"https:\/\/www.blogdothame.blog.br\/v1\/wp-json\/wp\/v2\/posts\/73844\/revisions\/73847"}],"wp:attachment":[{"href":"https:\/\/www.blogdothame.blog.br\/v1\/wp-json\/wp\/v2\/media?parent=73844"}],"wp:term":[{"taxonomy":"category","embeddable":true,"href":"https:\/\/www.blogdothame.blog.br\/v1\/wp-json\/wp\/v2\/categories?post=73844"},{"taxonomy":"post_tag","embeddable":true,"href":"https:\/\/www.blogdothame.blog.br\/v1\/wp-json\/wp\/v2\/tags?post=73844"}],"curies":[{"name":"wp","href":"https:\/\/api.w.org\/{rel}","templated":true}]}}