{"id":73827,"date":"2018-03-09T04:29:14","date_gmt":"2018-03-09T07:29:14","guid":{"rendered":"http:\/\/www.blogdothame.blog.br\/v1\/?p=73827"},"modified":"2018-03-09T09:35:21","modified_gmt":"2018-03-09T12:35:21","slug":"escolas-estaduais-nao-serao-municipalizadas-em-2018","status":"publish","type":"post","link":"https:\/\/www.blogdothame.blog.br\/v1\/2018\/03\/09\/escolas-estaduais-nao-serao-municipalizadas-em-2018\/","title":{"rendered":"Escolas estaduais n\u00e3o ser\u00e3o municipalizadas em 2018"},"content":{"rendered":"<p>O deputado Rosemberg Pinto (PT) foi o respons\u00e1vel pela interlocu\u00e7\u00e3o entre diretores, professores, integrantes do N\u00facleo Territorial de Educa\u00e7\u00e3o (NTE-5) e o secret\u00e1rio Estadual de Educa\u00e7\u00e3o, Walter Pinheiro, na reuni\u00e3o para discutir a municipaliza\u00e7\u00e3o de escolas de cidades do sul baiano e do m\u00e9dio sudoeste. Para Rosemberg, a reuni\u00e3o foi muito proveitosa, mas pontuou que faltou comunica\u00e7\u00e3o da secretaria de Educa\u00e7\u00e3o para com o NTE e destacou que a pasta precisa permitir uma maior participa\u00e7\u00e3o do N\u00facleo em suas decis\u00f5es.<\/p>\n<p><img loading=\"lazy\" class=\"aligncenter size-medium wp-image-73829\" src=\"http:\/\/www.blogdothame.blog.br\/v1\/wp-content\/uploads\/2018\/03\/berg-300x230.jpg\" alt=\"berg\" width=\"300\" height=\"230\" srcset=\"https:\/\/www.blogdothame.blog.br\/v1\/wp-content\/uploads\/2018\/03\/berg-300x230.jpg 300w, https:\/\/www.blogdothame.blog.br\/v1\/wp-content\/uploads\/2018\/03\/berg.jpg 768w\" sizes=\"(max-width: 300px) 100vw, 300px\" \/><br \/>\n\u00c9 l\u00f3gico que diverg\u00eancias de opini\u00f5es existem e sempre v\u00e3o existir. \u00c0s vezes, quando a gente cobra determinados posicionamentos, n\u00f3s estamos cobrando pensando na sociedade e no governo, que \u00e9 o governo que eu ajudei a eleger e quero que ele fa\u00e7a o melhor pela popula\u00e7\u00e3o. A conversa com o secret\u00e1rio foi boa e desmistificou a ideia de dar municipaliza\u00e7\u00e3o a qualquer custo. O ano de 2018 n\u00e3o haver\u00e1 mais nenhum processo de municipaliza\u00e7\u00e3o de escolas, principalmente nas cidades de Itabuna e Ilh\u00e9us. \u00c9 l\u00f3gico que a transfer\u00eancia do ensino fundamental para os munic\u00edpios \u00e9 uma decis\u00e3o que o Estado tem que cumprir at\u00e9 o ano de 2020\u201d, afirmou o parlamentar petista.<\/p>\n<p>&nbsp;<\/p>\n<p>&nbsp;<\/p>\n<p>A atua\u00e7\u00e3o do deputado Rosemberg foi parabenizado por diversos integrantes presentes no evento. \u201dRosemberg se mostra otimizando as nossas a\u00e7\u00f5es de luta\u201d, comemorou Rita Fonseca, professora do Col\u00e9gio Estadual Estado do Cear\u00e1, em Ilh\u00e9us. Para Josefina Castro, diretora do (NTE-5), \u201ca intermedia\u00e7\u00e3o do deputado foi fundamental porque deu a dire\u00e7\u00e3o no sentido de dar sugest\u00f5es de como poder\u00e1 ocorrer esse processo do planejamento porque a gente percebeu esse lapso da secretaria com o n\u00facleo\u201d. Robson Pinto de Souza, um dos coordenadores do (NTE-5), resumiu Rosemberg como o melhor parlamentar defensor das causas envolvendo a educa\u00e7\u00e3o na Bahia. Agora, o processo de municipaliza\u00e7\u00e3o das escolas ficar\u00e1 apenas na fase do planejamento e s\u00f3 dever\u00e1 ser retomado em 2019, devendo ser conclu\u00eddo no ano seguinte, quando encerra o prazo imposto pela lei.<\/p>\n","protected":false},"excerpt":{"rendered":"<p>O deputado Rosemberg Pinto (PT) foi o respons\u00e1vel pela interlocu\u00e7\u00e3o entre diretores, professores, integrantes do N\u00facleo Territorial de Educa\u00e7\u00e3o (NTE-5) e o secret\u00e1rio Estadual de Educa\u00e7\u00e3o, Walter Pinheiro, na reuni\u00e3o para discutir a municipaliza\u00e7\u00e3o de escolas de cidades do sul baiano e do m\u00e9dio sudoeste. Para Rosemberg, a reuni\u00e3o foi muito proveitosa, mas pontuou que [&hellip;]<\/p>\n","protected":false},"author":2,"featured_media":0,"comment_status":"open","ping_status":"open","sticky":false,"template":"","format":"standard","meta":{"_links_to":"","_links_to_target":""},"categories":[1],"tags":[2346,82,9036,545],"_links":{"self":[{"href":"https:\/\/www.blogdothame.blog.br\/v1\/wp-json\/wp\/v2\/posts\/73827"}],"collection":[{"href":"https:\/\/www.blogdothame.blog.br\/v1\/wp-json\/wp\/v2\/posts"}],"about":[{"href":"https:\/\/www.blogdothame.blog.br\/v1\/wp-json\/wp\/v2\/types\/post"}],"author":[{"embeddable":true,"href":"https:\/\/www.blogdothame.blog.br\/v1\/wp-json\/wp\/v2\/users\/2"}],"replies":[{"embeddable":true,"href":"https:\/\/www.blogdothame.blog.br\/v1\/wp-json\/wp\/v2\/comments?post=73827"}],"version-history":[{"count":2,"href":"https:\/\/www.blogdothame.blog.br\/v1\/wp-json\/wp\/v2\/posts\/73827\/revisions"}],"predecessor-version":[{"id":73830,"href":"https:\/\/www.blogdothame.blog.br\/v1\/wp-json\/wp\/v2\/posts\/73827\/revisions\/73830"}],"wp:attachment":[{"href":"https:\/\/www.blogdothame.blog.br\/v1\/wp-json\/wp\/v2\/media?parent=73827"}],"wp:term":[{"taxonomy":"category","embeddable":true,"href":"https:\/\/www.blogdothame.blog.br\/v1\/wp-json\/wp\/v2\/categories?post=73827"},{"taxonomy":"post_tag","embeddable":true,"href":"https:\/\/www.blogdothame.blog.br\/v1\/wp-json\/wp\/v2\/tags?post=73827"}],"curies":[{"name":"wp","href":"https:\/\/api.w.org\/{rel}","templated":true}]}}