{"id":73822,"date":"2018-03-09T10:08:37","date_gmt":"2018-03-09T13:08:37","guid":{"rendered":"http:\/\/www.blogdothame.blog.br\/v1\/?p=73822"},"modified":"2018-03-09T09:16:09","modified_gmt":"2018-03-09T12:16:09","slug":"programa-primeiro-emprego-leva-160-jovens-ao-forum-social-mundial","status":"publish","type":"post","link":"https:\/\/www.blogdothame.blog.br\/v1\/2018\/03\/09\/programa-primeiro-emprego-leva-160-jovens-ao-forum-social-mundial\/","title":{"rendered":"Programa Primeiro Emprego leva 160 jovens ao F\u00f3rum Social Mundial"},"content":{"rendered":"<p><img loading=\"lazy\" class=\"aligncenter  wp-image-73824\" src=\"http:\/\/www.blogdothame.blog.br\/v1\/wp-content\/uploads\/2018\/03\/ppe-1.jpg\" alt=\"Primeiro Emprego\" width=\"415\" height=\"277\" srcset=\"https:\/\/www.blogdothame.blog.br\/v1\/wp-content\/uploads\/2018\/03\/ppe-1.jpg 511w, https:\/\/www.blogdothame.blog.br\/v1\/wp-content\/uploads\/2018\/03\/ppe-1-300x200.jpg 300w\" sizes=\"(max-width: 415px) 100vw, 415px\" \/><\/p>\n<p>Como parte do processo formativo dos benefici\u00e1rios do Programa Primeiro Emprego, foram selecionados 160 jovens dos 27 territ\u00f3rios de identidade da Bahia para participar do XIII F\u00f3rum Social Mundial, que acontece na pr\u00f3xima semana (13 a 17), em Salvador.<\/p>\n<p><img loading=\"lazy\" class=\"alignright size-medium wp-image-73823\" src=\"http:\/\/www.blogdothame.blog.br\/v1\/wp-content\/uploads\/2018\/03\/ppe-2-300x200.jpg\" alt=\"Programa Primeiro Emprego\" width=\"300\" height=\"200\" srcset=\"https:\/\/www.blogdothame.blog.br\/v1\/wp-content\/uploads\/2018\/03\/ppe-2-300x200.jpg 300w, https:\/\/www.blogdothame.blog.br\/v1\/wp-content\/uploads\/2018\/03\/ppe-2.jpg 512w\" sizes=\"(max-width: 300px) 100vw, 300px\" \/>A participa\u00e7\u00e3o deles ser\u00e1 concentrada no dia 14, come\u00e7ando pela mesa &#8216;Trabalho, Educa\u00e7\u00e3o e Juventude: resistindo e avan\u00e7ando na organiza\u00e7\u00e3o e nas pol\u00edticas p\u00fablicas&#8217;, das 9 \u00e0s 12h, no audit\u00f3rio Chico, Tenda da Central \u00danica dos Trabalhadores (CUT), no Campus da Universidade Federal da Bahia (Ufba), no bairro de Ondina.<\/p>\n<p>Os jovens participam tamb\u00e9m da Assembleia Mundial da Juventude, a partir das 14h, no Acampamento das Juventudes, instalado no Parque de Exposi\u00e7\u00f5es de Salvador. O debate da manh\u00e3, promovido pela CUT, reunir\u00e1 o movimento sindical, o movimento da juventude, pesquisadores do tema trabalho e educa\u00e7\u00e3o e gestores de pol\u00edtica p\u00fablica de juventude e de emprego. Na ocasi\u00e3o, ser\u00e3o analisadas as solu\u00e7\u00f5es para emprego da juventude, entre elas, o Programa Primeiro Emprego, do Governo do Estado.<\/p>\n<p>A a\u00e7\u00e3o est\u00e1 sendo coordenada pela Casa Civil e a Secretaria de Desenvolvimento Rural do Estado (membros do Comit\u00ea Gestor do programa), e apoiada pela Funda\u00e7\u00e3o Lu\u00eds Eduardo Magalh\u00e3es (Flem) e Funda\u00e7\u00e3o Estadual de Sa\u00fade da Fam\u00edlia (Fesf), parceiras do Programa Primeiro Emprego.<\/p>\n","protected":false},"excerpt":{"rendered":"<p>Como parte do processo formativo dos benefici\u00e1rios do Programa Primeiro Emprego, foram selecionados 160 jovens dos 27 territ\u00f3rios de identidade da Bahia para participar do XIII F\u00f3rum Social Mundial, que acontece na pr\u00f3xima semana (13 a 17), em Salvador. A participa\u00e7\u00e3o deles ser\u00e1 concentrada no dia 14, come\u00e7ando pela mesa &#8216;Trabalho, Educa\u00e7\u00e3o e Juventude: resistindo [&hellip;]<\/p>\n","protected":false},"author":2,"featured_media":0,"comment_status":"open","ping_status":"open","sticky":false,"template":"","format":"standard","meta":{"_links_to":"","_links_to_target":""},"categories":[1],"tags":[1844,16,17128],"_links":{"self":[{"href":"https:\/\/www.blogdothame.blog.br\/v1\/wp-json\/wp\/v2\/posts\/73822"}],"collection":[{"href":"https:\/\/www.blogdothame.blog.br\/v1\/wp-json\/wp\/v2\/posts"}],"about":[{"href":"https:\/\/www.blogdothame.blog.br\/v1\/wp-json\/wp\/v2\/types\/post"}],"author":[{"embeddable":true,"href":"https:\/\/www.blogdothame.blog.br\/v1\/wp-json\/wp\/v2\/users\/2"}],"replies":[{"embeddable":true,"href":"https:\/\/www.blogdothame.blog.br\/v1\/wp-json\/wp\/v2\/comments?post=73822"}],"version-history":[{"count":1,"href":"https:\/\/www.blogdothame.blog.br\/v1\/wp-json\/wp\/v2\/posts\/73822\/revisions"}],"predecessor-version":[{"id":73825,"href":"https:\/\/www.blogdothame.blog.br\/v1\/wp-json\/wp\/v2\/posts\/73822\/revisions\/73825"}],"wp:attachment":[{"href":"https:\/\/www.blogdothame.blog.br\/v1\/wp-json\/wp\/v2\/media?parent=73822"}],"wp:term":[{"taxonomy":"category","embeddable":true,"href":"https:\/\/www.blogdothame.blog.br\/v1\/wp-json\/wp\/v2\/categories?post=73822"},{"taxonomy":"post_tag","embeddable":true,"href":"https:\/\/www.blogdothame.blog.br\/v1\/wp-json\/wp\/v2\/tags?post=73822"}],"curies":[{"name":"wp","href":"https:\/\/api.w.org\/{rel}","templated":true}]}}