{"id":73557,"date":"2018-03-02T17:03:16","date_gmt":"2018-03-02T20:03:16","guid":{"rendered":"http:\/\/www.blogdothame.blog.br\/v1\/?p=73557"},"modified":"2018-03-02T12:04:59","modified_gmt":"2018-03-02T15:04:59","slug":"rui-inaugura-novo-trecho-da-linha-azul","status":"publish","type":"post","link":"https:\/\/www.blogdothame.blog.br\/v1\/2018\/03\/02\/rui-inaugura-novo-trecho-da-linha-azul\/","title":{"rendered":"Rui inaugura novo trecho da Linha Azul"},"content":{"rendered":"<p><img loading=\"lazy\" class=\"alignleft size-medium wp-image-71801\" src=\"http:\/\/www.blogdothame.blog.br\/v1\/wp-content\/uploads\/2018\/01\/rui-trabalho-300x200.jpg\" alt=\"rui trabalho\" width=\"300\" height=\"200\" srcset=\"https:\/\/www.blogdothame.blog.br\/v1\/wp-content\/uploads\/2018\/01\/rui-trabalho-300x200.jpg 300w, https:\/\/www.blogdothame.blog.br\/v1\/wp-content\/uploads\/2018\/01\/rui-trabalho-1024x682.jpg 1024w, https:\/\/www.blogdothame.blog.br\/v1\/wp-content\/uploads\/2018\/01\/rui-trabalho.jpg 1280w\" sizes=\"(max-width: 300px) 100vw, 300px\" \/>O governador Rui Costa vai inaugurar, neste s\u00e1bado (dia 3), \u00e0s 9h, uma nova etapa do complexo vi\u00e1rio batizado de Linha Azul &#8211; corredor de tr\u00e1fego respons\u00e1vel pela liga\u00e7\u00e3o entre os bairros de Patamares (orla) e Lobato (Sub\u00farbio Ferrovi\u00e1rio), em Salvador. O novo trecho faz liga\u00e7\u00e3o entre as avenidas Pinto de Aguiar e Gal Costa, atrav\u00e9s de t\u00faneis que cortam a Avenida Luiz Viana Filho (Paralela).<\/p>\n<p>O ato de inaugura\u00e7\u00e3o ser\u00e1 marcado pela realiza\u00e7\u00e3o da Feira de Sa\u00fade e Cidadania, um evento promovido pelas Volunt\u00e1rias Sociais da Bahia (VSBA), que vai levar servi\u00e7os para a popula\u00e7\u00e3o, al\u00e9m de muita divers\u00e3o. A entrega de mais uma obra do Governo do Estado, que est\u00e1 transformando a mobilidade da capital baiana, acontece menos de um m\u00eas ap\u00f3s a inaugura\u00e7\u00e3o da Avenida Mario S\u00e9rgio, a Via Barrad\u00e3o, ocorrida no dia 17 de fevereiro.<\/p>\n<p>O conjunto de interven\u00e7\u00f5es que ser\u00e1 inaugurado \u00e9 composto por dois t\u00faneis duplos, sendo um sob a Paralela e outro sob o acesso ao Est\u00e1dio de Pitua\u00e7u, com respectivamente 155 e 110 metros cada, um mergulho (passagem subterr\u00e2nea) na Pinto de Aguiar e vias de superf\u00edcie em m\u00e3o dupla &#8211; tr\u00eas faixas por sentido -, totalizando 5 quil\u00f4metros de extens\u00e3o, para a interliga\u00e7\u00e3o com a Avenida Gal Costa.<\/p>\n<p>&nbsp;<\/p>\n","protected":false},"excerpt":{"rendered":"<p>O governador Rui Costa vai inaugurar, neste s\u00e1bado (dia 3), \u00e0s 9h, uma nova etapa do complexo vi\u00e1rio batizado de Linha Azul &#8211; corredor de tr\u00e1fego respons\u00e1vel pela liga\u00e7\u00e3o entre os bairros de Patamares (orla) e Lobato (Sub\u00farbio Ferrovi\u00e1rio), em Salvador. O novo trecho faz liga\u00e7\u00e3o entre as avenidas Pinto de Aguiar e Gal Costa, [&hellip;]<\/p>\n","protected":false},"author":2,"featured_media":0,"comment_status":"open","ping_status":"open","sticky":false,"template":"","format":"standard","meta":{"_links_to":"","_links_to_target":""},"categories":[1],"tags":[20928,615,433],"_links":{"self":[{"href":"https:\/\/www.blogdothame.blog.br\/v1\/wp-json\/wp\/v2\/posts\/73557"}],"collection":[{"href":"https:\/\/www.blogdothame.blog.br\/v1\/wp-json\/wp\/v2\/posts"}],"about":[{"href":"https:\/\/www.blogdothame.blog.br\/v1\/wp-json\/wp\/v2\/types\/post"}],"author":[{"embeddable":true,"href":"https:\/\/www.blogdothame.blog.br\/v1\/wp-json\/wp\/v2\/users\/2"}],"replies":[{"embeddable":true,"href":"https:\/\/www.blogdothame.blog.br\/v1\/wp-json\/wp\/v2\/comments?post=73557"}],"version-history":[{"count":2,"href":"https:\/\/www.blogdothame.blog.br\/v1\/wp-json\/wp\/v2\/posts\/73557\/revisions"}],"predecessor-version":[{"id":73559,"href":"https:\/\/www.blogdothame.blog.br\/v1\/wp-json\/wp\/v2\/posts\/73557\/revisions\/73559"}],"wp:attachment":[{"href":"https:\/\/www.blogdothame.blog.br\/v1\/wp-json\/wp\/v2\/media?parent=73557"}],"wp:term":[{"taxonomy":"category","embeddable":true,"href":"https:\/\/www.blogdothame.blog.br\/v1\/wp-json\/wp\/v2\/categories?post=73557"},{"taxonomy":"post_tag","embeddable":true,"href":"https:\/\/www.blogdothame.blog.br\/v1\/wp-json\/wp\/v2\/tags?post=73557"}],"curies":[{"name":"wp","href":"https:\/\/api.w.org\/{rel}","templated":true}]}}