{"id":73505,"date":"2018-03-01T18:03:21","date_gmt":"2018-03-01T21:03:21","guid":{"rendered":"http:\/\/www.blogdothame.blog.br\/v1\/?p=73505"},"modified":"2018-03-01T17:09:40","modified_gmt":"2018-03-01T20:09:40","slug":"em-camacari-rui-entrega-pacote-de-investimentos-em-seguranca-saude-e-infraestrutura","status":"publish","type":"post","link":"https:\/\/www.blogdothame.blog.br\/v1\/2018\/03\/01\/em-camacari-rui-entrega-pacote-de-investimentos-em-seguranca-saude-e-infraestrutura\/","title":{"rendered":"Em Cama\u00e7ari, Rui entrega pacote de investimentos em seguran\u00e7a, sa\u00fade e infraestrutura"},"content":{"rendered":"<p><img loading=\"lazy\" class=\"alignleft size-medium wp-image-73506\" src=\"http:\/\/www.blogdothame.blog.br\/v1\/wp-content\/uploads\/2018\/03\/Rui-em-Cama\u00e7ari-Foto-Alberto-Coutinho-GOVBA2-300x200.jpg\" alt=\"Rui em Cama\u00e7ari Foto Alberto Coutinho GOVBA2\" width=\"300\" height=\"200\" srcset=\"https:\/\/www.blogdothame.blog.br\/v1\/wp-content\/uploads\/2018\/03\/Rui-em-Cama\u00e7ari-Foto-Alberto-Coutinho-GOVBA2-300x200.jpg 300w, https:\/\/www.blogdothame.blog.br\/v1\/wp-content\/uploads\/2018\/03\/Rui-em-Cama\u00e7ari-Foto-Alberto-Coutinho-GOVBA2-1024x682.jpg 1024w, https:\/\/www.blogdothame.blog.br\/v1\/wp-content\/uploads\/2018\/03\/Rui-em-Cama\u00e7ari-Foto-Alberto-Coutinho-GOVBA2.jpg 1717w\" sizes=\"(max-width: 300px) 100vw, 300px\" \/>Com cerca de 300 mil habitantes, e respons\u00e1vel pelo segundo maior PIB da Bahia, o munic\u00edpio de Cama\u00e7ari, na Regi\u00e3o Metropolitana de Salvador, recebeu um Distrito Integrado de Segura\u00e7a P\u00fablica, nesta quinta-feira (1\u00ba), entregue pelo governador Rui Costa. Rui tamb\u00e9m assinou ordens de servi\u00e7o para constru\u00e7\u00e3o de duas Unidades B\u00e1sicas de Sa\u00fade (UBS), uma delas em Barra do Jacu\u00edpe e a outra no bairro Verdes Horizontes, em Cama\u00e7ari, um Centro de Refer\u00eancia em Sa\u00fade do Trabalhador (Cerest), no bairro Com\u00e9rcio III, um Centro de Aten\u00e7\u00e3o Psicossocial (Caps) III, no centro da cidade, e uma Academia de Sa\u00fade\u00a0em Arembepe. O\u00a0governador autorizou ainda a pavimenta\u00e7\u00e3o em vias no P\u00f3lo Petroqu\u00edmico e a restaura\u00e7\u00e3o da pavimenta\u00e7\u00e3o no trecho da via do Cobre e al\u00e7as de acesso \u00e0 BA-093 e entregou uma viatura.<\/p>\n<p><img loading=\"lazy\" class=\"alignright size-medium wp-image-73507\" src=\"http:\/\/www.blogdothame.blog.br\/v1\/wp-content\/uploads\/2018\/03\/Rui-em-Cama\u00e7ari-Foto-Alberto-Coutinho-GOVBA3-300x200.jpg\" alt=\"Rui em Cama\u00e7ari Foto Alberto Coutinho GOVBA3\" width=\"300\" height=\"200\" srcset=\"https:\/\/www.blogdothame.blog.br\/v1\/wp-content\/uploads\/2018\/03\/Rui-em-Cama\u00e7ari-Foto-Alberto-Coutinho-GOVBA3-300x200.jpg 300w, https:\/\/www.blogdothame.blog.br\/v1\/wp-content\/uploads\/2018\/03\/Rui-em-Cama\u00e7ari-Foto-Alberto-Coutinho-GOVBA3-1024x683.jpg 1024w, https:\/\/www.blogdothame.blog.br\/v1\/wp-content\/uploads\/2018\/03\/Rui-em-Cama\u00e7ari-Foto-Alberto-Coutinho-GOVBA3.jpg 1529w\" sizes=\"(max-width: 300px) 100vw, 300px\" \/>O Disep de Cama\u00e7ari \u00e9 um equipamento de m\u00e9dio porte, para abrigar a Pol\u00edcia T\u00e9cnica, com investimento de R$ 2,17 milh\u00f5es, localizado \u00e0 Rua Delegado Clayton Le\u00e3o Chaves, no centro de Cama\u00e7ari. O terreno de cinco mil metros quadrados pertence ao Estado. Rui explicou que os dois m\u00f3dulos inaugurados s\u00e3o da Pol\u00edcia T\u00e9cncia, servi\u00e7o que n\u00e3o existia em Cama\u00e7ari. \u201cA cidade era atendida por Salvador. Esse servi\u00e7o faz toda a apura\u00e7\u00e3o t\u00e9cnica das investiga\u00e7\u00f5es e levantamento cadav\u00e9rico. A partir de agora, Cama\u00e7ari ganha seu pr\u00f3prio servi\u00e7o, que vai atender tamb\u00e9m a Dias D\u2019\u00c1vila, com laborat\u00f3rios que ajudam na investiga\u00e7\u00e3o da Pol\u00edcia Civil. Este investimento de mais de R$ 2 milh\u00f5es \u00e9 mais respeito e melhor seguran\u00e7a p\u00fablica para a popula\u00e7\u00e3o\u201d.<\/p>\n<p><!--more--><\/p>\n<p>Sa\u00fade<\/p>\n<p><img loading=\"lazy\" class=\"alignleft size-medium wp-image-73508\" src=\"http:\/\/www.blogdothame.blog.br\/v1\/wp-content\/uploads\/2018\/03\/Rui-em-Cama\u00e7ari-Foto-Alberto-Coutinho-GOVBA-300x200.jpg\" alt=\"Rui em Cama\u00e7ari Foto Alberto Coutinho GOVBA\" width=\"300\" height=\"200\" srcset=\"https:\/\/www.blogdothame.blog.br\/v1\/wp-content\/uploads\/2018\/03\/Rui-em-Cama\u00e7ari-Foto-Alberto-Coutinho-GOVBA-300x200.jpg 300w, https:\/\/www.blogdothame.blog.br\/v1\/wp-content\/uploads\/2018\/03\/Rui-em-Cama\u00e7ari-Foto-Alberto-Coutinho-GOVBA-1024x682.jpg 1024w, https:\/\/www.blogdothame.blog.br\/v1\/wp-content\/uploads\/2018\/03\/Rui-em-Cama\u00e7ari-Foto-Alberto-Coutinho-GOVBA.jpg 1678w\" sizes=\"(max-width: 300px) 100vw, 300px\" \/>\u00a0\u201c\u00c9 o maior investimento da hist\u00f3ria de Cama\u00e7ari, tanto em infraestrutura como em Sa\u00fade, e eu vou voltar em breve para autorizar a constru\u00e7\u00e3o da Maternidade\u201d, afirmou o governador. A Unidade de Sa\u00fade Verdes Horizontes vai contar com pelo menos duas Equipes de Aten\u00e7\u00e3o B\u00e1sica e est\u00e1 recebendo investimento de R$ 1,8 milh\u00e3o. J\u00e1 a unidade que ser\u00e1 constru\u00edda em Barra do Jacu\u00edpe, que tamb\u00e9m ter\u00e1 no m\u00ednimo duas Equipes de Aten\u00e7\u00e3o B\u00e1sica, vai receber investimento de aproximadamente R$ 2 milh\u00f5es. O Centro de Refer\u00eancia em Sa\u00fade do Trabalhador (Cerest) est\u00e1 recebendo recursos da ordem de R$ 860 mil e, no Centro de Aten\u00e7\u00e3o Psicossocial, ser\u00e3o investidos mais R$ 1,8 milh\u00e3o. Ainda na \u00e1rea e Sa\u00fade, Arembepe vai receber uma academia ao ar livre, no valor de R$ 200 mil.<\/p>\n<p>\u201cVamos entregar a constru\u00e7\u00e3o daqui a alguns meses, com todos os equipamentos e todo o mobili\u00e1rio, para a prefeitura colocar para funcionar. As duas unidades b\u00e1sicas de sa\u00fade representam investimento de aproximadamente R$ 4 milh\u00f5es. O melhor lugar para o cidad\u00e3o ir n\u00e3o \u00e9 o hospital, n\u00e3o \u00e9 o Pronto Atendimento, mas \u00e9 um Posto de Sa\u00fade. Os exames preventivos s\u00e3o feitos nos postos de sa\u00fade e podem salvar uma vida. Por isso n\u00e3o adianta ter um bel\u00edssimo hospital e n\u00e3o ir a um posto de sa\u00fade\u201d, afirmou o governador.<\/p>\n<p>O governador falou dos outros investimentos que est\u00e3o sendo realizados em Cama\u00e7ari. \u201cN\u00f3s tamb\u00e9m estamos autorizando a constru\u00e7\u00e3o de uma Academia da Sa\u00fade, um centro de Refer\u00eancia da Sa\u00fade do Trabalhador, que ser\u00e1 custeado pelo Governo do Estado. Cama\u00e7ari \u00e9 o principal p\u00f3lo industrial da Bahia, um dos principais do Brasil. Ent\u00e3o, n\u00f3s temos que cuidar da sa\u00fade do trabalhador. Vamos construir tamb\u00e9m um Centro de Aten\u00e7\u00e3o Psicossocial. Antigamente as pessoas eram internadas em manic\u00f4mios, que pareciam pres\u00eddios. Hoje, n\u00f3s damos aten\u00e7\u00e3o \u00e0s pessoas que t\u00eam esses problemas sem precisar lev\u00e1-las aos manic\u00f4mios, com atendimento e medica\u00e7\u00e3o\u201d.<\/p>\n<p>Pavimenta\u00e7\u00f5es<\/p>\n<p>Cerca de 2,3 mil ve\u00edculos passam por dia pela Via Henry Ford, no trecho que ser\u00e1 pavimentado e possui quase tr\u00eas\u00a0 quil\u00f4metros de extens\u00e3o. A estrada vai receber investimentos da ordem aproximada de R$ 6,2 milh\u00f5es e \u00e9 estrat\u00e9gica para o escoamento de produtos industrializados do P\u00f3lo Petroqu\u00edmico, beneficiando tamb\u00e9m os munic\u00edpios de Pojuca, Dias D\u2019\u00c1vila, Mata de S\u00e3o Jo\u00e3o e Lauro de Freitas.<\/p>\n<p>Tamb\u00e9m importante para o escoamento dos produtos do Polo, e Via do Cobre, as al\u00e7as de acesso \u00e0 BA-09 alcan\u00e7am mais de quatro quil\u00f4metros de pistas, onde ser\u00e3o investidos cerca de R$ 3,5 milh\u00f5es.<\/p>\n<p>Rui informou que o Governo do Estado est\u00e1 honrando seus contratos e cumprindo seus compromissos. E o empres\u00e1rio, o investidor, s\u00f3 vai colocar seu dinheiro se ele tiver confian\u00e7a no Estado. \u201cHoje assinei as obras das BA\u2019s 522 e 524, que \u00e9 a que d\u00e1 acesso ao canal de tr\u00e1fego de Cama\u00e7ari. Autorizei a constru\u00e7\u00e3o que vai para a Cara\u00edbas Metais, e ainda da Henry Ford. A partir de hoje n\u00f3s vamos fazer essas obras. S\u00f3 hoje aqui foram mais de R$ 30 milh\u00f5es em investimentos\u201d. Rui falou ainda sobre a constru\u00e7\u00e3o de uma f\u00e1brica de insulina na Bahia. \u201cN\u00e3o existe uma no Brasil e ser\u00e1\u00a0em Dias D\u00e1vila, gerando emprego para o povo da regi\u00e3o. Vamos come\u00e7ar essa obra ainda este ano\u201d.<\/p>\n<p>Acompanharam o governador os secret\u00e1rios de Infraestrutura do Estado, Marcus Cavalcanti; de Justi\u00e7a, Direitos Humanos e Desenvolvimento Social, Carlos Martins; da Sa\u00fade, F\u00e1bio Vilas-Boas; e o subsecret\u00e1rio da Seguran\u00e7a P\u00fablica, Ary Pereira. (Fotos: Alberto Coutinho\/GOVBA)<\/p>\n","protected":false},"excerpt":{"rendered":"<p>Com cerca de 300 mil habitantes, e respons\u00e1vel pelo segundo maior PIB da Bahia, o munic\u00edpio de Cama\u00e7ari, na Regi\u00e3o Metropolitana de Salvador, recebeu um Distrito Integrado de Segura\u00e7a P\u00fablica, nesta quinta-feira (1\u00ba), entregue pelo governador Rui Costa. Rui tamb\u00e9m assinou ordens de servi\u00e7o para constru\u00e7\u00e3o de duas Unidades B\u00e1sicas de Sa\u00fade (UBS), uma delas [&hellip;]<\/p>\n","protected":false},"author":2,"featured_media":0,"comment_status":"open","ping_status":"open","sticky":false,"template":"","format":"standard","meta":{"_links_to":"","_links_to_target":""},"categories":[1],"tags":[1547,615,20944,61],"_links":{"self":[{"href":"https:\/\/www.blogdothame.blog.br\/v1\/wp-json\/wp\/v2\/posts\/73505"}],"collection":[{"href":"https:\/\/www.blogdothame.blog.br\/v1\/wp-json\/wp\/v2\/posts"}],"about":[{"href":"https:\/\/www.blogdothame.blog.br\/v1\/wp-json\/wp\/v2\/types\/post"}],"author":[{"embeddable":true,"href":"https:\/\/www.blogdothame.blog.br\/v1\/wp-json\/wp\/v2\/users\/2"}],"replies":[{"embeddable":true,"href":"https:\/\/www.blogdothame.blog.br\/v1\/wp-json\/wp\/v2\/comments?post=73505"}],"version-history":[{"count":1,"href":"https:\/\/www.blogdothame.blog.br\/v1\/wp-json\/wp\/v2\/posts\/73505\/revisions"}],"predecessor-version":[{"id":73509,"href":"https:\/\/www.blogdothame.blog.br\/v1\/wp-json\/wp\/v2\/posts\/73505\/revisions\/73509"}],"wp:attachment":[{"href":"https:\/\/www.blogdothame.blog.br\/v1\/wp-json\/wp\/v2\/media?parent=73505"}],"wp:term":[{"taxonomy":"category","embeddable":true,"href":"https:\/\/www.blogdothame.blog.br\/v1\/wp-json\/wp\/v2\/categories?post=73505"},{"taxonomy":"post_tag","embeddable":true,"href":"https:\/\/www.blogdothame.blog.br\/v1\/wp-json\/wp\/v2\/tags?post=73505"}],"curies":[{"name":"wp","href":"https:\/\/api.w.org\/{rel}","templated":true}]}}