{"id":7316,"date":"2012-03-01T10:54:27","date_gmt":"2012-03-01T13:54:27","guid":{"rendered":"http:\/\/www.blogdothame.blog.br\/v1\/?p=7316"},"modified":"2012-03-01T10:54:27","modified_gmt":"2012-03-01T13:54:27","slug":"waldomiro-de-deus-e-personalidade-das-artes-nos-50-anos-de-emancipacao-de-osasco","status":"publish","type":"post","link":"https:\/\/www.blogdothame.blog.br\/v1\/2012\/03\/01\/waldomiro-de-deus-e-personalidade-das-artes-nos-50-anos-de-emancipacao-de-osasco\/","title":{"rendered":"WALDOMIRO DE DEUS \u00c9 PERSONALIDADE DAS ARTES NOS 50 ANOS DE EMANCIPA\u00c7\u00c3O DE OSASCO"},"content":{"rendered":"<p><a href=\"http:\/\/www.blogdothame.blog.br\/v1\/wp-content\/uploads\/waldomiro-de-deus-homenagem-Osasco.jpg\"><img loading=\"lazy\" class=\"aligncenter size-medium wp-image-7317\" title=\"waldomiro de deus homenagem Osasco\" src=\"http:\/\/www.blogdothame.blog.br\/v1\/wp-content\/uploads\/waldomiro-de-deus-homenagem-Osasco-300x164.jpg\" alt=\"\" width=\"300\" height=\"164\" srcset=\"https:\/\/www.blogdothame.blog.br\/v1\/wp-content\/uploads\/waldomiro-de-deus-homenagem-Osasco-300x164.jpg 300w, https:\/\/www.blogdothame.blog.br\/v1\/wp-content\/uploads\/waldomiro-de-deus-homenagem-Osasco.jpg 960w\" sizes=\"(max-width: 300px) 100vw, 300px\" \/><\/a><\/p>\n<p>O primitivista baiano Waldomiro de Deus foi homenageado como Personalidade das Artes, nas comemora\u00e7\u00f5es dos 50 anos de emancipa\u00e7\u00e3o de Osasco, cidade da Grande\u00a0 S\u00e3o Paulo.<\/p>\n<p>Waldomiro, que tamb\u00e9m comemora 50 anos de pintura, recebeu \u00a0a homenagem numa festa que reuniu personalidades nacionais e internacionais,\u00a0 como a ministra da Cultura Ana de Hollanda, o deputado federal Jo\u00e3o Paulo Cunha, e \u00a0o prefeito de Osasco Emidio de Souza, no Centro de Eventos Pedro Bortolosso.<\/p>\n<p>Em junho, durante os festejos de S\u00e3o Jo\u00e3o, Waldomiro de Deus estar\u00e1 presente em sua terra natal, Itagib\u00e1, no Sul da Bahia, onde receber\u00e1 uma justa homenagem de seus conterr\u00e2neos.<\/p>\n","protected":false},"excerpt":{"rendered":"<p>O primitivista baiano Waldomiro de Deus foi homenageado como Personalidade das Artes, nas comemora\u00e7\u00f5es dos 50 anos de emancipa\u00e7\u00e3o de Osasco, cidade da Grande\u00a0 S\u00e3o Paulo. Waldomiro, que tamb\u00e9m comemora 50 anos de pintura, recebeu \u00a0a homenagem numa festa que reuniu personalidades nacionais e internacionais,\u00a0 como a ministra da Cultura Ana de Hollanda, o deputado [&hellip;]<\/p>\n","protected":false},"author":2,"featured_media":0,"comment_status":"open","ping_status":"open","sticky":false,"template":"","format":"standard","meta":{"_links_to":"","_links_to_target":""},"categories":[1],"tags":[1927,2171,2172,651,161,17],"_links":{"self":[{"href":"https:\/\/www.blogdothame.blog.br\/v1\/wp-json\/wp\/v2\/posts\/7316"}],"collection":[{"href":"https:\/\/www.blogdothame.blog.br\/v1\/wp-json\/wp\/v2\/posts"}],"about":[{"href":"https:\/\/www.blogdothame.blog.br\/v1\/wp-json\/wp\/v2\/types\/post"}],"author":[{"embeddable":true,"href":"https:\/\/www.blogdothame.blog.br\/v1\/wp-json\/wp\/v2\/users\/2"}],"replies":[{"embeddable":true,"href":"https:\/\/www.blogdothame.blog.br\/v1\/wp-json\/wp\/v2\/comments?post=7316"}],"version-history":[{"count":1,"href":"https:\/\/www.blogdothame.blog.br\/v1\/wp-json\/wp\/v2\/posts\/7316\/revisions"}],"predecessor-version":[{"id":7318,"href":"https:\/\/www.blogdothame.blog.br\/v1\/wp-json\/wp\/v2\/posts\/7316\/revisions\/7318"}],"wp:attachment":[{"href":"https:\/\/www.blogdothame.blog.br\/v1\/wp-json\/wp\/v2\/media?parent=7316"}],"wp:term":[{"taxonomy":"category","embeddable":true,"href":"https:\/\/www.blogdothame.blog.br\/v1\/wp-json\/wp\/v2\/categories?post=7316"},{"taxonomy":"post_tag","embeddable":true,"href":"https:\/\/www.blogdothame.blog.br\/v1\/wp-json\/wp\/v2\/tags?post=7316"}],"curies":[{"name":"wp","href":"https:\/\/api.w.org\/{rel}","templated":true}]}}