{"id":73045,"date":"2018-02-19T09:31:14","date_gmt":"2018-02-19T12:31:14","guid":{"rendered":"http:\/\/www.blogdothame.blog.br\/v1\/?p=73045"},"modified":"2018-02-19T09:31:14","modified_gmt":"2018-02-19T12:31:14","slug":"novos-servicos-e-mais-uma-uti-serao-abertas-no-hospital-costa-do-cacau","status":"publish","type":"post","link":"https:\/\/www.blogdothame.blog.br\/v1\/2018\/02\/19\/novos-servicos-e-mais-uma-uti-serao-abertas-no-hospital-costa-do-cacau\/","title":{"rendered":"Novos servi\u00e7os e mais uma UTI ser\u00e3o abertas no  Hospital Costa do Cacau"},"content":{"rendered":"<p><img loading=\"lazy\" class=\"alignleft  wp-image-73046\" src=\"http:\/\/www.blogdothame.blog.br\/v1\/wp-content\/uploads\/2018\/02\/Prefeito-e-Sec-de-Saude-do-Estado-visitam-HRCC.-Fotos-Rodrigo-Macedo-3-1024x575.jpg\" alt=\"Prefeito e Sec de Saude do Estado visitam HRCC. Fotos - Rodrigo Macedo-3\" width=\"392\" height=\"220\" srcset=\"https:\/\/www.blogdothame.blog.br\/v1\/wp-content\/uploads\/2018\/02\/Prefeito-e-Sec-de-Saude-do-Estado-visitam-HRCC.-Fotos-Rodrigo-Macedo-3-1024x575.jpg 1024w, https:\/\/www.blogdothame.blog.br\/v1\/wp-content\/uploads\/2018\/02\/Prefeito-e-Sec-de-Saude-do-Estado-visitam-HRCC.-Fotos-Rodrigo-Macedo-3-300x169.jpg 300w, https:\/\/www.blogdothame.blog.br\/v1\/wp-content\/uploads\/2018\/02\/Prefeito-e-Sec-de-Saude-do-Estado-visitam-HRCC.-Fotos-Rodrigo-Macedo-3.jpg 1600w\" sizes=\"(max-width: 392px) 100vw, 392px\" \/>Um dia depois de anunciar um investimento de 15 milh\u00f5es de reais na reestrutura\u00e7\u00e3o da sa\u00fade b\u00e1sica de Ilh\u00e9us, o secret\u00e1rio estadual F\u00e1bio Vilas-Boas e o prefeito Mario Alexandre visitaram neste domingo (18), o Hospital Regional da Costa do Cacau. Juntos, anunciaram para os pr\u00f3ximos dias, a inaugura\u00e7\u00e3o da terceira Unidade de Terapia Intensiva (UTI) do hospital, com mais 10 leitos, e o funcionamento de servi\u00e7os especializados de endoscopia e hemodi\u00e1lise. Novos equipamentos para a unidade chegar\u00e3o ainda essa semana, segundo o secret\u00e1rio F\u00e1bio Vilas-Boas.<\/p>\n<p>Inaugurado h\u00e1 60 dias, o hospital j\u00e1 reduziu filas para cirurgias, inaugurou recentemente servi\u00e7os de hemodin\u00e2mica passando a ser a primeira unidade da rede p\u00fablica de sa\u00fade da regi\u00e3o sul da Bahia a realizar a coronariografia e, em breve, duplicar\u00e1 o n\u00famero de cirurgias card\u00edacas na regi\u00e3o, com capacidade de realizar mais de 20 procedimentos por m\u00eas.<\/p>\n<p><img loading=\"lazy\" class=\"alignright size-medium wp-image-73048\" src=\"http:\/\/www.blogdothame.blog.br\/v1\/wp-content\/uploads\/2018\/02\/Prefeito-e-Sec-de-Saude-do-Estado-visitam-HRCC.-Fotos-Rodrigo-Macedo-8-1-300x169.jpg\" alt=\"Prefeito e Sec de Saude do Estado visitam HRCC. Fotos - Rodrigo Macedo-8 (1)\" width=\"300\" height=\"169\" srcset=\"https:\/\/www.blogdothame.blog.br\/v1\/wp-content\/uploads\/2018\/02\/Prefeito-e-Sec-de-Saude-do-Estado-visitam-HRCC.-Fotos-Rodrigo-Macedo-8-1-300x169.jpg 300w, https:\/\/www.blogdothame.blog.br\/v1\/wp-content\/uploads\/2018\/02\/Prefeito-e-Sec-de-Saude-do-Estado-visitam-HRCC.-Fotos-Rodrigo-Macedo-8-1-1024x577.jpg 1024w, https:\/\/www.blogdothame.blog.br\/v1\/wp-content\/uploads\/2018\/02\/Prefeito-e-Sec-de-Saude-do-Estado-visitam-HRCC.-Fotos-Rodrigo-Macedo-8-1.jpg 1600w\" sizes=\"(max-width: 300px) 100vw, 300px\" \/>Al\u00e9m do prefeito e do secret\u00e1rio estadual de Sa\u00fade, participaram da visita o secret\u00e1rio Municipal de Governo, Alisson Mendon\u00e7a; o deputado federal, Paulo Magalh\u00e3es e representantes do Conselho Municipal de Sa\u00fade, acompanhados pelo diretor t\u00e9cnico da unidade, Cl\u00e1udio Moura Costa.\u00a0O secret\u00e1rio estadual salientou que a visita teve um olhar mais t\u00e9cnico, um processo importante para os setores da unidade hospitalar e para os usu\u00e1rios que utilizam os servi\u00e7os p\u00fablicos de sa\u00fade<\/p>\n<p>\u201cAlguns ajustes ser\u00e3o feitos com a equipe gestora da unidade para otimizar o atendimento prestado \u00e0 popula\u00e7\u00e3o. Contudo o hospital est\u00e1 funcionando dentro do padr\u00e3o de qualidade que n\u00f3s esper\u00e1vamos\u201d, avaliou F\u00e1bio Vilas-Boas. \u201cAs \u00e1reas onde tem paciente internados teve avalia\u00e7\u00e3o positiva pelos usu\u00e1rios\u201d, assegura.<\/p>\n<p>O prefeito M\u00e1rio Alexandre ressaltou como positiva a vistoria realizada que, demonstra, segundo ele, demonstra o cuidado que o Estado est\u00e1 tendo com os usu\u00e1rios. \u201cInteressa ao governo do estado manter o Hospital Regional Costa do Cacau como rever\u00eancia de Sa\u00fade. Estamos focados para melhorar a sa\u00fade para a popula\u00e7\u00e3o de Ilh\u00e9us e a presen\u00e7a do secret\u00e1rio F\u00e1bio Vilas-Boas demonstra a nossa preocupa\u00e7\u00e3o e a busca de solu\u00e7\u00e3o com a\u00e7\u00f5es imediatas que j\u00e1 foram anunciadas na coletiva de s\u00e1bado\u201d, destacou.<\/p>\n","protected":false},"excerpt":{"rendered":"<p>Um dia depois de anunciar um investimento de 15 milh\u00f5es de reais na reestrutura\u00e7\u00e3o da sa\u00fade b\u00e1sica de Ilh\u00e9us, o secret\u00e1rio estadual F\u00e1bio Vilas-Boas e o prefeito Mario Alexandre visitaram neste domingo (18), o Hospital Regional da Costa do Cacau. Juntos, anunciaram para os pr\u00f3ximos dias, a inaugura\u00e7\u00e3o da terceira Unidade de Terapia Intensiva (UTI) [&hellip;]<\/p>\n","protected":false},"author":2,"featured_media":0,"comment_status":"open","ping_status":"open","sticky":false,"template":"","format":"standard","meta":{"_links_to":"","_links_to_target":""},"categories":[1],"tags":[51,18987,218,1770,7988],"_links":{"self":[{"href":"https:\/\/www.blogdothame.blog.br\/v1\/wp-json\/wp\/v2\/posts\/73045"}],"collection":[{"href":"https:\/\/www.blogdothame.blog.br\/v1\/wp-json\/wp\/v2\/posts"}],"about":[{"href":"https:\/\/www.blogdothame.blog.br\/v1\/wp-json\/wp\/v2\/types\/post"}],"author":[{"embeddable":true,"href":"https:\/\/www.blogdothame.blog.br\/v1\/wp-json\/wp\/v2\/users\/2"}],"replies":[{"embeddable":true,"href":"https:\/\/www.blogdothame.blog.br\/v1\/wp-json\/wp\/v2\/comments?post=73045"}],"version-history":[{"count":1,"href":"https:\/\/www.blogdothame.blog.br\/v1\/wp-json\/wp\/v2\/posts\/73045\/revisions"}],"predecessor-version":[{"id":73049,"href":"https:\/\/www.blogdothame.blog.br\/v1\/wp-json\/wp\/v2\/posts\/73045\/revisions\/73049"}],"wp:attachment":[{"href":"https:\/\/www.blogdothame.blog.br\/v1\/wp-json\/wp\/v2\/media?parent=73045"}],"wp:term":[{"taxonomy":"category","embeddable":true,"href":"https:\/\/www.blogdothame.blog.br\/v1\/wp-json\/wp\/v2\/categories?post=73045"},{"taxonomy":"post_tag","embeddable":true,"href":"https:\/\/www.blogdothame.blog.br\/v1\/wp-json\/wp\/v2\/tags?post=73045"}],"curies":[{"name":"wp","href":"https:\/\/api.w.org\/{rel}","templated":true}]}}