{"id":72689,"date":"2018-02-09T07:30:40","date_gmt":"2018-02-09T10:30:40","guid":{"rendered":"http:\/\/www.blogdothame.blog.br\/v1\/?p=72689"},"modified":"2018-02-08T15:52:30","modified_gmt":"2018-02-08T18:52:30","slug":"62-salva-vidas-farao-a-cobertura-do-litoral-de-ilheus-durante-o-carnaval","status":"publish","type":"post","link":"https:\/\/www.blogdothame.blog.br\/v1\/2018\/02\/09\/62-salva-vidas-farao-a-cobertura-do-litoral-de-ilheus-durante-o-carnaval\/","title":{"rendered":"62 salva-vidas far\u00e3o a cobertura  do litoral de Ilh\u00e9us durante o carnaval"},"content":{"rendered":"<p><img loading=\"lazy\" class=\"alignleft  wp-image-72690\" src=\"http:\/\/www.blogdothame.blog.br\/v1\/wp-content\/uploads\/2018\/02\/Salva-vidas-foto-Clodoaldo-Ribeiro-1-1.jpg\" alt=\"Salva vidas foto Clodoaldo Ribeiro (1) (1)\" width=\"383\" height=\"267\" srcset=\"https:\/\/www.blogdothame.blog.br\/v1\/wp-content\/uploads\/2018\/02\/Salva-vidas-foto-Clodoaldo-Ribeiro-1-1.jpg 1000w, https:\/\/www.blogdothame.blog.br\/v1\/wp-content\/uploads\/2018\/02\/Salva-vidas-foto-Clodoaldo-Ribeiro-1-1-300x209.jpg 300w\" sizes=\"(max-width: 383px) 100vw, 383px\" \/>A Opera\u00e7\u00e3o Ver\u00e3o vai continuar nas praias de Ilh\u00e9us. No feriad\u00e3o de carnaval, 62 salva-vidas v\u00e3o atuar\u00a0nos 26 postos instalados entre a regi\u00e3o do Mamoan, no norte, e \u00c1guas de Oliven\u00e7a, no sul. Duas motocicletas com duplas de salva-vidas far\u00e3o a cobertura nas regi\u00f5es onde n\u00e3o existem postos fixos mas que registram grandes aglomerados de pessoas.<\/p>\n<p>Quando comparado aos festejos do r\u00e9veillon, o carnaval ganhar\u00e1 o refor\u00e7o de sete novos salva-vidas, servidores concursados convocados pela Prefeitura e que passaram, recentemente, por treinamento. A informa\u00e7\u00e3o \u00e9 do coordenador Alexandre Mendon\u00e7a.<\/p>\n<p>A Opera\u00e7\u00e3o Ver\u00e3o tem o objetivo de dar mais seguran\u00e7a aos banhistas que frequentar\u00e3o o litoral do munic\u00edpio. Os salva-vidas atuar\u00e3o nas praias das 9 da manh\u00e3 \u00e0s 5 da tarde.\u00a0Ilh\u00e9us \u00e9 apontada como um destino destaque neste per\u00edodo. Como n\u00e3o haver\u00e1 carnaval oficial, a tend\u00eancia \u00e9 de que o p\u00fablico que optou pelo descanso na cidade, esteja mais presente na faixa litor\u00e2nea.<\/p>\n<p>Com praias paradis\u00edacas, que dividem espa\u00e7o com mangues e coqueirais, em Ilh\u00e9us h\u00e1 op\u00e7\u00f5es tanto para surfistas como para quem busca \u00e1guas tranquilas. O munic\u00edpio possui um dos mais extensos litorais do Brasil, com cerca de 90 quil\u00f4metros de extens\u00e3o, que requer aten\u00e7\u00e3o e esfor\u00e7o redobrados para garantir a efici\u00eancia do servi\u00e7o. (foto Clodoaldo Ribeiro\/Ascom Ilheus)<\/p>\n<p>&nbsp;<\/p>\n","protected":false},"excerpt":{"rendered":"<p>A Opera\u00e7\u00e3o Ver\u00e3o vai continuar nas praias de Ilh\u00e9us. No feriad\u00e3o de carnaval, 62 salva-vidas v\u00e3o atuar\u00a0nos 26 postos instalados entre a regi\u00e3o do Mamoan, no norte, e \u00c1guas de Oliven\u00e7a, no sul. Duas motocicletas com duplas de salva-vidas far\u00e3o a cobertura nas regi\u00f5es onde n\u00e3o existem postos fixos mas que registram grandes aglomerados de [&hellip;]<\/p>\n","protected":false},"author":2,"featured_media":0,"comment_status":"open","ping_status":"open","sticky":false,"template":"","format":"standard","meta":{"_links_to":"","_links_to_target":""},"categories":[1],"tags":[1701,10877,20472],"_links":{"self":[{"href":"https:\/\/www.blogdothame.blog.br\/v1\/wp-json\/wp\/v2\/posts\/72689"}],"collection":[{"href":"https:\/\/www.blogdothame.blog.br\/v1\/wp-json\/wp\/v2\/posts"}],"about":[{"href":"https:\/\/www.blogdothame.blog.br\/v1\/wp-json\/wp\/v2\/types\/post"}],"author":[{"embeddable":true,"href":"https:\/\/www.blogdothame.blog.br\/v1\/wp-json\/wp\/v2\/users\/2"}],"replies":[{"embeddable":true,"href":"https:\/\/www.blogdothame.blog.br\/v1\/wp-json\/wp\/v2\/comments?post=72689"}],"version-history":[{"count":1,"href":"https:\/\/www.blogdothame.blog.br\/v1\/wp-json\/wp\/v2\/posts\/72689\/revisions"}],"predecessor-version":[{"id":72691,"href":"https:\/\/www.blogdothame.blog.br\/v1\/wp-json\/wp\/v2\/posts\/72689\/revisions\/72691"}],"wp:attachment":[{"href":"https:\/\/www.blogdothame.blog.br\/v1\/wp-json\/wp\/v2\/media?parent=72689"}],"wp:term":[{"taxonomy":"category","embeddable":true,"href":"https:\/\/www.blogdothame.blog.br\/v1\/wp-json\/wp\/v2\/categories?post=72689"},{"taxonomy":"post_tag","embeddable":true,"href":"https:\/\/www.blogdothame.blog.br\/v1\/wp-json\/wp\/v2\/tags?post=72689"}],"curies":[{"name":"wp","href":"https:\/\/api.w.org\/{rel}","templated":true}]}}