{"id":71520,"date":"2018-01-10T16:32:27","date_gmt":"2018-01-10T19:32:27","guid":{"rendered":"http:\/\/www.blogdothame.blog.br\/v1\/?p=71520"},"modified":"2018-01-10T15:37:25","modified_gmt":"2018-01-10T18:37:25","slug":"prefeitura-de-itabuna-publica-edital-para-processo-seletivo-da-secretaria-de-educacao","status":"publish","type":"post","link":"https:\/\/www.blogdothame.blog.br\/v1\/2018\/01\/10\/prefeitura-de-itabuna-publica-edital-para-processo-seletivo-da-secretaria-de-educacao\/","title":{"rendered":"Prefeitura de Itabuna publica edital para  processo seletivo da Secretaria  de Educa\u00e7\u00e3o"},"content":{"rendered":"<p><img loading=\"lazy\" class=\"alignright size-medium wp-image-71522\" src=\"http:\/\/www.blogdothame.blog.br\/v1\/wp-content\/uploads\/2018\/01\/Prefeitura-de-Itabuna-publica-edital-para-processo-seletivo-da-Secretaria-Municipal-de-Educa\u00e7\u00e3o-foto-Waldyr-Gomes-300x188.jpg\" alt=\"Prefeitura de Itabuna publica edital para processo seletivo da Secretaria Municipal de Educa\u00e7\u00e3o foto Waldyr Gomes\" width=\"300\" height=\"188\" srcset=\"https:\/\/www.blogdothame.blog.br\/v1\/wp-content\/uploads\/2018\/01\/Prefeitura-de-Itabuna-publica-edital-para-processo-seletivo-da-Secretaria-Municipal-de-Educa\u00e7\u00e3o-foto-Waldyr-Gomes-300x188.jpg 300w, https:\/\/www.blogdothame.blog.br\/v1\/wp-content\/uploads\/2018\/01\/Prefeitura-de-Itabuna-publica-edital-para-processo-seletivo-da-Secretaria-Municipal-de-Educa\u00e7\u00e3o-foto-Waldyr-Gomes.jpg 900w\" sizes=\"(max-width: 300px) 100vw, 300px\" \/>A Prefeitura de Itabuna publicou o Edital 01\/2018 para contrata\u00e7\u00e3o tempor\u00e1ria de profissionais para atender as demandas das Unidades Escolares da Secretaria Municipal de Educa\u00e7\u00e3o. As inscri\u00e7\u00f5es estar\u00e3o abertas do dia 15 a 17 de janeiro, das 8 \u00e0s 12 horas e das 14 \u00e0s 18 horas e ser\u00e3o realizadas no Instituto Municipal de Educa\u00e7\u00e3o Aziz Maron (Col\u00e9gio IMEAM), localizado \u00e0 rua Adelino Kfouri, s\/n, Centro.<\/p>\n<p>Os candidatos interessados em inscrever-se dever\u00e3o comparecer com os dados pessoais e apresentar originais e c\u00f3pias dos documentos: Carteira de Identidade, CPF, T\u00edtulo de Eleitor e comprovante da \u00faltima vota\u00e7\u00e3o, Certificado de Reservista (sexo masculino acima de 45 anos), Curriculum Vitae, Comprovante de Endere\u00e7o, Carteira de Trabalho e Previd\u00eancia Social. Para os cargos que exigem tais especifica\u00e7\u00f5es, os candidatos dever\u00e3o apresentar ainda Carteira Nacional de Habilita\u00e7\u00e3o (CNH), Comprovante de Escolaridade em conformidade com a habilita\u00e7\u00e3o exigida mediante a apresenta\u00e7\u00e3o de Diploma, Certificado e\/ou Hist\u00f3rico Escolar, e Carteira de Identidade Profissional.<\/p>\n<p>Para acessar o quadro de vagas e requisitos solicitados no edital, acesse: <a href=\"http:\/\/www.itabuna.ba.io.org.br\/diarioOficial\">http:\/\/www.itabuna.ba.io.org.br\/diarioOficial<\/a>.<\/p>\n<p>&nbsp;<\/p>\n","protected":false},"excerpt":{"rendered":"<p>A Prefeitura de Itabuna publicou o Edital 01\/2018 para contrata\u00e7\u00e3o tempor\u00e1ria de profissionais para atender as demandas das Unidades Escolares da Secretaria Municipal de Educa\u00e7\u00e3o. As inscri\u00e7\u00f5es estar\u00e3o abertas do dia 15 a 17 de janeiro, das 8 \u00e0s 12 horas e das 14 \u00e0s 18 horas e ser\u00e3o realizadas no Instituto Municipal de Educa\u00e7\u00e3o [&hellip;]<\/p>\n","protected":false},"author":2,"featured_media":0,"comment_status":"open","ping_status":"open","sticky":false,"template":"","format":"standard","meta":{"_links_to":"","_links_to_target":""},"categories":[1],"tags":[864,6619,910],"_links":{"self":[{"href":"https:\/\/www.blogdothame.blog.br\/v1\/wp-json\/wp\/v2\/posts\/71520"}],"collection":[{"href":"https:\/\/www.blogdothame.blog.br\/v1\/wp-json\/wp\/v2\/posts"}],"about":[{"href":"https:\/\/www.blogdothame.blog.br\/v1\/wp-json\/wp\/v2\/types\/post"}],"author":[{"embeddable":true,"href":"https:\/\/www.blogdothame.blog.br\/v1\/wp-json\/wp\/v2\/users\/2"}],"replies":[{"embeddable":true,"href":"https:\/\/www.blogdothame.blog.br\/v1\/wp-json\/wp\/v2\/comments?post=71520"}],"version-history":[{"count":3,"href":"https:\/\/www.blogdothame.blog.br\/v1\/wp-json\/wp\/v2\/posts\/71520\/revisions"}],"predecessor-version":[{"id":71524,"href":"https:\/\/www.blogdothame.blog.br\/v1\/wp-json\/wp\/v2\/posts\/71520\/revisions\/71524"}],"wp:attachment":[{"href":"https:\/\/www.blogdothame.blog.br\/v1\/wp-json\/wp\/v2\/media?parent=71520"}],"wp:term":[{"taxonomy":"category","embeddable":true,"href":"https:\/\/www.blogdothame.blog.br\/v1\/wp-json\/wp\/v2\/categories?post=71520"},{"taxonomy":"post_tag","embeddable":true,"href":"https:\/\/www.blogdothame.blog.br\/v1\/wp-json\/wp\/v2\/tags?post=71520"}],"curies":[{"name":"wp","href":"https:\/\/api.w.org\/{rel}","templated":true}]}}