{"id":71445,"date":"2018-01-09T12:00:47","date_gmt":"2018-01-09T15:00:47","guid":{"rendered":"http:\/\/www.blogdothame.blog.br\/v1\/?p=71445"},"modified":"2018-01-09T15:01:27","modified_gmt":"2018-01-09T18:01:27","slug":"ufrb-abre-concurso-com-salarios-de-ate-r-44-mil","status":"publish","type":"post","link":"https:\/\/www.blogdothame.blog.br\/v1\/2018\/01\/09\/ufrb-abre-concurso-com-salarios-de-ate-r-44-mil\/","title":{"rendered":"UFRB abre concurso com sal\u00e1rios de at\u00e9 R$ 4,4 mil"},"content":{"rendered":"<p><img loading=\"lazy\" class=\"alignright size-medium wp-image-71446\" src=\"http:\/\/www.blogdothame.blog.br\/v1\/wp-content\/uploads\/2018\/01\/ufrb-300x225.jpg\" alt=\"ufrb\" width=\"300\" height=\"225\" srcset=\"https:\/\/www.blogdothame.blog.br\/v1\/wp-content\/uploads\/2018\/01\/ufrb-300x225.jpg 300w, https:\/\/www.blogdothame.blog.br\/v1\/wp-content\/uploads\/2018\/01\/ufrb.jpg 450w\" sizes=\"(max-width: 300px) 100vw, 300px\" \/>A Universidade Federal do Rec\u00f4ncavo da Bahia (URFB) abriu as inscri\u00e7\u00f5es para o concurso p\u00fablico que tem o objetivo de preencher o quadro de vagas para Professor do Magist\u00e9rio Superior.<\/p>\n<p>O concurso visa contratar seis professores, sendo cinco vagas para trabalhar no Centro de Cultura, Linguagens e Tecnologias Aplicadas (CECULT), Campus Santo Amaro; e uma para o N\u00facleo de Estudos Interdisciplinares e Forma\u00e7\u00e3o Geral (NUVEM), com exerc\u00edcio em Santo Ant\u00f4nio de Jesus, Feira de Santana e Santo Amaro. As remunera\u00e7\u00f5es b\u00e1sicas variam de R$ 2.236,30 a R$ 4.455, 22.<\/p>\n<p>As inscri\u00e7\u00f5es podem ser feitas no\u00a0<a href=\"https:\/\/www.ufrb.edu.br\/portal\/component\/chronoforms5\/?chronoform=ver-concurso&amp;id=325\" target=\"_blank\" rel=\"noopener\"><strong>site da\u00a0UFRB<\/strong><\/a>\u00a0at\u00e9 o dia 9 de fevereiro. A taxa do cadastro custa entre R$ 125,00 e R$ 200, de acordo com o cargo pretendido.<\/p>\n<p>O certame vai ter duas etapas: provas escritas e did\u00e1ticas. As datas e hor\u00e1rios ser\u00e3o divulgados no site da pr\u00f3pria universidade at\u00e9 o dia 23 de mar\u00e7o.<\/p>\n<p>Para mais informa\u00e7\u00f5es,\u00a0<strong><a href=\"http:\/\/www.blogdogusmao.com.br\/v1\/wp-content\/uploads\/2018\/01\/20180105112700_Extrato_DOU_Edital_N_1_2018_Professor_Efetivo_Cecult.pdf\" target=\"_blank\" rel=\"noopener\">acesse o edital<\/a><\/strong>.<\/p>\n","protected":false},"excerpt":{"rendered":"<p>A Universidade Federal do Rec\u00f4ncavo da Bahia (URFB) abriu as inscri\u00e7\u00f5es para o concurso p\u00fablico que tem o objetivo de preencher o quadro de vagas para Professor do Magist\u00e9rio Superior. O concurso visa contratar seis professores, sendo cinco vagas para trabalhar no Centro de Cultura, Linguagens e Tecnologias Aplicadas (CECULT), Campus Santo Amaro; e uma [&hellip;]<\/p>\n","protected":false},"author":2,"featured_media":0,"comment_status":"open","ping_status":"open","sticky":false,"template":"","format":"standard","meta":{"_links_to":"","_links_to_target":""},"categories":[1],"tags":[12544,1257,4369],"_links":{"self":[{"href":"https:\/\/www.blogdothame.blog.br\/v1\/wp-json\/wp\/v2\/posts\/71445"}],"collection":[{"href":"https:\/\/www.blogdothame.blog.br\/v1\/wp-json\/wp\/v2\/posts"}],"about":[{"href":"https:\/\/www.blogdothame.blog.br\/v1\/wp-json\/wp\/v2\/types\/post"}],"author":[{"embeddable":true,"href":"https:\/\/www.blogdothame.blog.br\/v1\/wp-json\/wp\/v2\/users\/2"}],"replies":[{"embeddable":true,"href":"https:\/\/www.blogdothame.blog.br\/v1\/wp-json\/wp\/v2\/comments?post=71445"}],"version-history":[{"count":1,"href":"https:\/\/www.blogdothame.blog.br\/v1\/wp-json\/wp\/v2\/posts\/71445\/revisions"}],"predecessor-version":[{"id":71447,"href":"https:\/\/www.blogdothame.blog.br\/v1\/wp-json\/wp\/v2\/posts\/71445\/revisions\/71447"}],"wp:attachment":[{"href":"https:\/\/www.blogdothame.blog.br\/v1\/wp-json\/wp\/v2\/media?parent=71445"}],"wp:term":[{"taxonomy":"category","embeddable":true,"href":"https:\/\/www.blogdothame.blog.br\/v1\/wp-json\/wp\/v2\/categories?post=71445"},{"taxonomy":"post_tag","embeddable":true,"href":"https:\/\/www.blogdothame.blog.br\/v1\/wp-json\/wp\/v2\/tags?post=71445"}],"curies":[{"name":"wp","href":"https:\/\/api.w.org\/{rel}","templated":true}]}}