{"id":71097,"date":"2017-12-28T06:52:22","date_gmt":"2017-12-28T09:52:22","guid":{"rendered":"http:\/\/www.blogdothame.blog.br\/v1\/?p=71097"},"modified":"2017-12-28T09:00:45","modified_gmt":"2017-12-28T12:00:45","slug":"obras-do-governo-em-esgotamento-colocam-feira-de-santana-a-frente-de-fortaleza-recife-e-manaus","status":"publish","type":"post","link":"https:\/\/www.blogdothame.blog.br\/v1\/2017\/12\/28\/obras-do-governo-em-esgotamento-colocam-feira-de-santana-a-frente-de-fortaleza-recife-e-manaus\/","title":{"rendered":"Obras do Governo em esgotamento colocam Feira de Santana \u00e0 frente de Fortaleza, Recife e Manaus"},"content":{"rendered":"<p><img loading=\"lazy\" class=\"alignleft size-medium wp-image-71098\" src=\"http:\/\/www.blogdothame.blog.br\/v1\/wp-content\/uploads\/2017\/12\/feira-300x190.jpg\" alt=\"feira\" width=\"300\" height=\"190\" srcset=\"https:\/\/www.blogdothame.blog.br\/v1\/wp-content\/uploads\/2017\/12\/feira-300x190.jpg 300w, https:\/\/www.blogdothame.blog.br\/v1\/wp-content\/uploads\/2017\/12\/feira.jpg 1000w\" sizes=\"(max-width: 300px) 100vw, 300px\" \/>Segunda cidade mais populosa da Bahia, Feira de Santana se destaca como uma das que mais receberam investimentos do Governo do Estado nos \u00faltimos dez anos em abastecimento de \u00e1gua e esgotamento sanit\u00e1rio. Desde 2007 at\u00e9 este ano, os investimentos totalizaram R$ 300 milh\u00f5es, o que possibilitou \u00e0 cidade ostentar uma cobertura no que se refere ao abastecimento de \u00e1gua de mais de 98% e de capta\u00e7\u00e3o e tratamento de esgoto de 61% dos im\u00f3veis. Foram mais de 180 mil liga\u00e7\u00f5es de \u00e1gua e mais de 100 mil liga\u00e7\u00f5es de esgoto.<\/p>\n<p>Mas os investimentos n\u00e3o param por a\u00ed. O governo baiano, por meio da Empresa Baiana de \u00c1guas e Saneamento (Embasa), prev\u00ea investimento da ordem de R$ 251 milh\u00f5es para amplia\u00e7\u00e3o do Sistema Integrado de Abastecimento de \u00c1gua de Feira de Santana. A constru\u00e7\u00e3o do Centro de Reserva\u00e7\u00e3o do Tomba, um conjunto de reservat\u00f3rios para a amplia\u00e7\u00e3o da oferta de \u00e1gua tratada, por exemplo, j\u00e1 se encontra em fase de licita\u00e7\u00e3o, com investimento previsto de R$ 49,2 milh\u00f5es.<\/p>\n<p><!--more--><\/p>\n<p>Paralelamente, o sistema de esgotamento sanit\u00e1rio implantado pela Embasa posicionou Feira, em 2017, na 55\u00aa posi\u00e7\u00e3o no Ranking de Saneamento das Cem Maiores Cidades do Pa\u00eds, segundo levantamento do Instituto Trata Brasil. Neste patamar, Feira encontra-se \u00e0 frente de capitais como Fortaleza (70\u00ba lugar), que tem 49,04% de cobertura; Recife (75\u00ba lugar), com 39,95% de cobertura; e Manaus (95\u00ba lugar), com menos de 25% de esgotamento.<\/p>\n<p>\u201cObras de esgotamento sanit\u00e1rio s\u00e3o caras e n\u00e3o aparecem, mas entendemos que melhorar a qualidade de vida das pessoas \u00e9 essencial para levar mais sa\u00fade \u00e0 popula\u00e7\u00e3o. Al\u00e9m disso, o tratamento do esgoto \u00e9 fundamental para preservar a sa\u00fade das pessoas e garantir a preserva\u00e7\u00e3o ambiental\u201d, diz o governador Rui Costa. Segundo ele, o governo continuar\u00e1 investindo nas obras de infraestrutura sanit\u00e1ria.<\/p>\n<p>Nos \u00faltimos tr\u00eas anos, entre 2015 e 2017, mais investimentos foram aplicados e novas obras est\u00e3o sendo realizadas para ampliar o saneamento b\u00e1sico em Feira e levar mais qualidade de vida \u00e0 popula\u00e7\u00e3o. Uma das obras em execu\u00e7\u00e3o \u00e9 a segunda etapa de amplia\u00e7\u00e3o do sistema de esgoto na \u00e1rea da Bacia do Suba\u00e9, cujo sistema contempla os bairros Panorama, S\u00edtio Matias, Feira VII, Luciano Barreto, Francisco Pinto, Fraternidade, Avi\u00e1rio e 35\u00ba Batalh\u00e3o de infantaria, com um investimento de mais de R$ 36 milh\u00f5es.<\/p>\n<p>Em 2016, o governo entregou a segunda etapa de amplia\u00e7\u00e3o do sistema de esgotamento sanit\u00e1rio na \u00e1rea da Bacia do Jacu\u00edpe, promovendo a coleta, tratamento e destina\u00e7\u00e3o correta do esgoto dom\u00e9stico. Foram implantados mais de 18 mil metros de redes e ramais prediais no bairro Tomba. O investimento foi de aproximadamente R$ 17 milh\u00f5es, beneficiando 20 mil habitantes.<\/p>\n<p>Ainda na \u00e1rea de esgotamento, um dos mais recentes investimentos da Embasa no munic\u00edpio, da ordem de R$ 7 milh\u00f5es, foi o adensamento das bacias, com a complementa\u00e7\u00e3o da rede de esgoto em bairros onde a rede de coleta j\u00e1 existia, mas n\u00e3o em sua totalidade. Entre os bairros beneficiados est\u00e3o o George Am\u00e9rico, Rua Nova, Campo Limpo, Fraternidade e Conjunto S\u00e9rgio Carneiro.<\/p>\n<p>Abastecimento<\/p>\n<p>O Sistema Integrado de Abastecimento de \u00c1gua de Feira de Santana atende 800 mil pessoas de seis munic\u00edpios \u2013 Feira de Santana, Concei\u00e7\u00e3o da Feira, S\u00e3o Gon\u00e7alo, Santa B\u00e1rbara, Tanquinho e Santan\u00f3polis. Possui duas adutoras, com 28 quil\u00f4metros de extens\u00e3o, que levam a \u00e1gua da Esta\u00e7\u00e3o de Tratamento em Concei\u00e7\u00e3o da Feira para a sede do munic\u00edpio.<\/p>\n<p>Entre os novos investimentos na sede municipal, a Embasa est\u00e1 implantando o Centro de Reserva\u00e7\u00e3o Leste, que ter\u00e1 dois reservat\u00f3rios com capacidade para armazenar mais de quatro milh\u00f5es de litros de \u00e1gua, ter\u00e1 45 quil\u00f4metros de rede de distribui\u00e7\u00e3o e uma esta\u00e7\u00e3o de bombeamento de \u00e1gua.<\/p>\n<p>Prevista para ser conclu\u00edda em 2018 e or\u00e7ada em R$ 32 milh\u00f5es, a obra vai beneficiar cerca de 70 mil moradores da regi\u00e3o, incluindo o bairro SIM, a Avenida N\u00f3ide Cerqueira, a Avenida Art\u00eamia Pires e a Lagoa Grande, al\u00e9m de f\u00e1bricas localizadas nas media\u00e7\u00f5es da BR-324.<\/p>\n<p>Em 2016, o Governo do Estado j\u00e1 havia entregue o Centro de Reserva\u00e7\u00e3o Norte, complexo formado por tr\u00eas grandes reservat\u00f3rios com capacidade para armazenar at\u00e9 24 milh\u00f5es de litros de \u00e1gua. Or\u00e7ada em R$ 54 milh\u00f5es, a obra possibilitou maior regularidade no abastecimento da parte norte da cidade, beneficiando 280 mil moradores dos bairros de Campo Limpo, Gabriela, Pampalona, Feira VI, George Am\u00e9rico, entre outros.<\/p>\n<p>Mais oferta<\/p>\n<p>Na zona rural, a Embasa realiza duas importantes a\u00e7\u00f5es para ampliar a oferta de \u00e1gua tratada. Ao custo de R$ 4,7 milh\u00f5es, est\u00e1 sendo implantada uma nova adutora, de 16 quil\u00f4metros, que ir\u00e1 duplicar a capta\u00e7\u00e3o de \u00e1gua para a zona rural feirense de Tiquaru\u00e7u, Matinha e Maria Quit\u00e9ria, al\u00e9m de beneficiar moradores de Santa B\u00e1rbara, Tanquinho e Santan\u00f3polis.<\/p>\n<p>Com recursos de R$ 1,9 milh\u00e3o oriundos do Fundo de Combate e Erradica\u00e7\u00e3o da Pobreza (Funcep), a Embasa tamb\u00e9m trabalha na extens\u00e3o de rede para localidades rurais. A primeira etapa, j\u00e1 conclu\u00edda, contemplou as localidades do Jardim do Eden e Cajueiro I e II, beneficiando cerca de 2,7 mil pessoas. Nas segunda e terceira etapas, ser\u00e3o atendidas as localidades de Caldeir\u00e3o, \u00c1gua Grande, Malhador e Venda Nova.<\/p>\n<p>Em 2015, o Governo do Estado entregou o Sistema de Ipua\u00e7u, constru\u00eddo com recursos pr\u00f3prios, da ordem de R$ 6,8 milh\u00f5es. Foi implantada uma nova estrutura de capta\u00e7\u00e3o de \u00e1gua na barragem de Pedra do Cavalo, com capacidade para tratar 19 litros de \u00e1gua por segundo. Todos os moradores do distrito de Ipua\u00e7u passaram a ter acesso \u00e0 \u00e1gua, assim como 16 povoados do munic\u00edpio de Feira de Santana.<\/p>\n","protected":false},"excerpt":{"rendered":"<p>Segunda cidade mais populosa da Bahia, Feira de Santana se destaca como uma das que mais receberam investimentos do Governo do Estado nos \u00faltimos dez anos em abastecimento de \u00e1gua e esgotamento sanit\u00e1rio. Desde 2007 at\u00e9 este ano, os investimentos totalizaram R$ 300 milh\u00f5es, o que possibilitou \u00e0 cidade ostentar uma cobertura no que se [&hellip;]<\/p>\n","protected":false},"author":2,"featured_media":0,"comment_status":"open","ping_status":"open","sticky":false,"template":"","format":"standard","meta":{"_links_to":"","_links_to_target":""},"categories":[1],"tags":[5889,358,16],"_links":{"self":[{"href":"https:\/\/www.blogdothame.blog.br\/v1\/wp-json\/wp\/v2\/posts\/71097"}],"collection":[{"href":"https:\/\/www.blogdothame.blog.br\/v1\/wp-json\/wp\/v2\/posts"}],"about":[{"href":"https:\/\/www.blogdothame.blog.br\/v1\/wp-json\/wp\/v2\/types\/post"}],"author":[{"embeddable":true,"href":"https:\/\/www.blogdothame.blog.br\/v1\/wp-json\/wp\/v2\/users\/2"}],"replies":[{"embeddable":true,"href":"https:\/\/www.blogdothame.blog.br\/v1\/wp-json\/wp\/v2\/comments?post=71097"}],"version-history":[{"count":1,"href":"https:\/\/www.blogdothame.blog.br\/v1\/wp-json\/wp\/v2\/posts\/71097\/revisions"}],"predecessor-version":[{"id":71099,"href":"https:\/\/www.blogdothame.blog.br\/v1\/wp-json\/wp\/v2\/posts\/71097\/revisions\/71099"}],"wp:attachment":[{"href":"https:\/\/www.blogdothame.blog.br\/v1\/wp-json\/wp\/v2\/media?parent=71097"}],"wp:term":[{"taxonomy":"category","embeddable":true,"href":"https:\/\/www.blogdothame.blog.br\/v1\/wp-json\/wp\/v2\/categories?post=71097"},{"taxonomy":"post_tag","embeddable":true,"href":"https:\/\/www.blogdothame.blog.br\/v1\/wp-json\/wp\/v2\/tags?post=71097"}],"curies":[{"name":"wp","href":"https:\/\/api.w.org\/{rel}","templated":true}]}}