{"id":70834,"date":"2017-12-20T14:30:05","date_gmt":"2017-12-20T17:30:05","guid":{"rendered":"http:\/\/www.blogdothame.blog.br\/v1\/?p=70834"},"modified":"2017-12-20T11:58:14","modified_gmt":"2017-12-20T14:58:14","slug":"sebrae-bahia-retoma-atendimento-no-dia-15-de-janeiro","status":"publish","type":"post","link":"https:\/\/www.blogdothame.blog.br\/v1\/2017\/12\/20\/sebrae-bahia-retoma-atendimento-no-dia-15-de-janeiro\/","title":{"rendered":"Sebrae Bahia retoma atendimento no dia 15 de janeiro"},"content":{"rendered":"<p>A sede e as unidades regionais do Sebrae em toda a Bahia estar\u00e3o em f\u00e9rias coletivas de 23 de dezembro de 2017 a 14 de janeiro de 2018. O atendimento ao p\u00fablico retornar\u00e1 no dia 15 de janeiro, no hor\u00e1rio normal, das 9h \u00e0s 17h, em todas as unidades. J\u00e1 a Central de Relacionamento Sebrae, dispon\u00edvel no telefone 0800 570 0800, retorna ao atendimento no dia 2 de janeiro, quando j\u00e1 ser\u00e1 poss\u00edvel entrar em contato para esclarecer d\u00favidas e agendar atendimento a partir do dia 15 de janeiro.<\/p>\n","protected":false},"excerpt":{"rendered":"<p>A sede e as unidades regionais do Sebrae em toda a Bahia estar\u00e3o em f\u00e9rias coletivas de 23 de dezembro de 2017 a 14 de janeiro de 2018. O atendimento ao p\u00fablico retornar\u00e1 no dia 15 de janeiro, no hor\u00e1rio normal, das 9h \u00e0s 17h, em todas as unidades. J\u00e1 a Central de Relacionamento Sebrae, [&hellip;]<\/p>\n","protected":false},"author":2,"featured_media":0,"comment_status":"open","ping_status":"open","sticky":false,"template":"","format":"standard","meta":{"_links_to":"","_links_to_target":""},"categories":[1],"tags":[7981,51,1549],"_links":{"self":[{"href":"https:\/\/www.blogdothame.blog.br\/v1\/wp-json\/wp\/v2\/posts\/70834"}],"collection":[{"href":"https:\/\/www.blogdothame.blog.br\/v1\/wp-json\/wp\/v2\/posts"}],"about":[{"href":"https:\/\/www.blogdothame.blog.br\/v1\/wp-json\/wp\/v2\/types\/post"}],"author":[{"embeddable":true,"href":"https:\/\/www.blogdothame.blog.br\/v1\/wp-json\/wp\/v2\/users\/2"}],"replies":[{"embeddable":true,"href":"https:\/\/www.blogdothame.blog.br\/v1\/wp-json\/wp\/v2\/comments?post=70834"}],"version-history":[{"count":1,"href":"https:\/\/www.blogdothame.blog.br\/v1\/wp-json\/wp\/v2\/posts\/70834\/revisions"}],"predecessor-version":[{"id":70835,"href":"https:\/\/www.blogdothame.blog.br\/v1\/wp-json\/wp\/v2\/posts\/70834\/revisions\/70835"}],"wp:attachment":[{"href":"https:\/\/www.blogdothame.blog.br\/v1\/wp-json\/wp\/v2\/media?parent=70834"}],"wp:term":[{"taxonomy":"category","embeddable":true,"href":"https:\/\/www.blogdothame.blog.br\/v1\/wp-json\/wp\/v2\/categories?post=70834"},{"taxonomy":"post_tag","embeddable":true,"href":"https:\/\/www.blogdothame.blog.br\/v1\/wp-json\/wp\/v2\/tags?post=70834"}],"curies":[{"name":"wp","href":"https:\/\/api.w.org\/{rel}","templated":true}]}}