{"id":7075,"date":"2012-02-17T13:27:09","date_gmt":"2012-02-17T16:27:09","guid":{"rendered":"http:\/\/www.blogdothame.blog.br\/v1\/?p=7075"},"modified":"2012-02-17T13:27:09","modified_gmt":"2012-02-17T16:27:09","slug":"santa-casa-de-itabuna-implanta-servico-de-fonoterapia","status":"publish","type":"post","link":"https:\/\/www.blogdothame.blog.br\/v1\/2012\/02\/17\/santa-casa-de-itabuna-implanta-servico-de-fonoterapia\/","title":{"rendered":"Santa Casa de Itabuna implanta servi\u00e7o de Fonoterapia"},"content":{"rendered":"<p><a href=\"http:\/\/www.blogdothame.blog.br\/v1\/wp-content\/uploads\/santa-casa-itabuna1.jpg\"><img loading=\"lazy\" class=\"alignright size-thumbnail wp-image-7077\" title=\"santa casa itabuna\" src=\"http:\/\/www.blogdothame.blog.br\/v1\/wp-content\/uploads\/santa-casa-itabuna1-150x150.jpg\" alt=\"\" width=\"150\" height=\"150\" \/><\/a>A Santa Casa de Miseric\u00f3rdia de Itabuna acaba de implantar o Servi\u00e7o de Fonoaudiologia no Hospital Calixto Midlej Filho, voltado para realiza\u00e7\u00e3o de fonoterapia em pacientes com indica\u00e7\u00e3o do Centro de Tratamento Intensivo (CTI) e unidades de interna\u00e7\u00e3o \u2013 enfermarias e apartamentos. O Servi\u00e7o passa a compor o trabalho de excel\u00eancia de equipes multidisciplinares atuantes em conjunto dentro do hospital para a mais r\u00e1pida recupera\u00e7\u00e3o do paciente. Todo servi\u00e7o est\u00e1 focado na \u00e1rea de Motricidade Oral para atendimento adulto.<\/p>\n<p>A defini\u00e7\u00e3o pela atua\u00e7\u00e3o na \u00e1rea de Motricidade Oral est\u00e1 voltada para o atendimento a pacientes com disfagia orofar\u00edngeas mec\u00e2nicas ou neurog\u00eanicas, ou seja, preven\u00e7\u00e3o, reabilita\u00e7\u00e3o, tratamento e acompanhamento das dificuldades de degluti\u00e7\u00e3o tempor\u00e1rias ou prolongadas.<\/p>\n","protected":false},"excerpt":{"rendered":"<p>A Santa Casa de Miseric\u00f3rdia de Itabuna acaba de implantar o Servi\u00e7o de Fonoaudiologia no Hospital Calixto Midlej Filho, voltado para realiza\u00e7\u00e3o de fonoterapia em pacientes com indica\u00e7\u00e3o do Centro de Tratamento Intensivo (CTI) e unidades de interna\u00e7\u00e3o \u2013 enfermarias e apartamentos. O Servi\u00e7o passa a compor o trabalho de excel\u00eancia de equipes multidisciplinares atuantes [&hellip;]<\/p>\n","protected":false},"author":2,"featured_media":0,"comment_status":"open","ping_status":"open","sticky":false,"template":"","format":"standard","meta":{"_links_to":"","_links_to_target":""},"categories":[1],"tags":[1363,2062],"_links":{"self":[{"href":"https:\/\/www.blogdothame.blog.br\/v1\/wp-json\/wp\/v2\/posts\/7075"}],"collection":[{"href":"https:\/\/www.blogdothame.blog.br\/v1\/wp-json\/wp\/v2\/posts"}],"about":[{"href":"https:\/\/www.blogdothame.blog.br\/v1\/wp-json\/wp\/v2\/types\/post"}],"author":[{"embeddable":true,"href":"https:\/\/www.blogdothame.blog.br\/v1\/wp-json\/wp\/v2\/users\/2"}],"replies":[{"embeddable":true,"href":"https:\/\/www.blogdothame.blog.br\/v1\/wp-json\/wp\/v2\/comments?post=7075"}],"version-history":[{"count":1,"href":"https:\/\/www.blogdothame.blog.br\/v1\/wp-json\/wp\/v2\/posts\/7075\/revisions"}],"predecessor-version":[{"id":7078,"href":"https:\/\/www.blogdothame.blog.br\/v1\/wp-json\/wp\/v2\/posts\/7075\/revisions\/7078"}],"wp:attachment":[{"href":"https:\/\/www.blogdothame.blog.br\/v1\/wp-json\/wp\/v2\/media?parent=7075"}],"wp:term":[{"taxonomy":"category","embeddable":true,"href":"https:\/\/www.blogdothame.blog.br\/v1\/wp-json\/wp\/v2\/categories?post=7075"},{"taxonomy":"post_tag","embeddable":true,"href":"https:\/\/www.blogdothame.blog.br\/v1\/wp-json\/wp\/v2\/tags?post=7075"}],"curies":[{"name":"wp","href":"https:\/\/api.w.org\/{rel}","templated":true}]}}