{"id":70715,"date":"2017-12-18T16:00:20","date_gmt":"2017-12-18T19:00:20","guid":{"rendered":"http:\/\/www.blogdothame.blog.br\/v1\/?p=70715"},"modified":"2017-12-18T16:28:35","modified_gmt":"2017-12-18T19:28:35","slug":"comercio-de-ilheus-funciona-ate-22-horas","status":"publish","type":"post","link":"https:\/\/www.blogdothame.blog.br\/v1\/2017\/12\/18\/comercio-de-ilheus-funciona-ate-22-horas\/","title":{"rendered":"Com\u00e9rcio de Ilh\u00e9us funciona at\u00e9 22 horas"},"content":{"rendered":"<p><img loading=\"lazy\" class=\"alignleft size-medium wp-image-70725\" src=\"http:\/\/www.blogdothame.blog.br\/v1\/wp-content\/uploads\/2017\/12\/comercio-ios-300x200.jpeg\" alt=\"comercio ios\" width=\"300\" height=\"200\" srcset=\"https:\/\/www.blogdothame.blog.br\/v1\/wp-content\/uploads\/2017\/12\/comercio-ios-300x200.jpeg 300w, https:\/\/www.blogdothame.blog.br\/v1\/wp-content\/uploads\/2017\/12\/comercio-ios.jpeg 640w\" sizes=\"(max-width: 300px) 100vw, 300px\" \/>O com\u00e9rcio de Ilh\u00e9us passa a funcionar at\u00e9 \u00e0s 22 horas a partir de hoje (18) e permanece com o hor\u00e1rio estendido at\u00e9 o dia 24 de dezembro. A informa\u00e7\u00e3o \u00e9 da C\u00e2mara de Diretores Lojistas (CDL), Associa\u00e7\u00e3o Comercial de Ilh\u00e9us (ACI) e Sindicato do Com\u00e9rcio (Sincom\u00e9rcio) e conta com o apoio da Prefeitura de Ilh\u00e9us, atrav\u00e9s da secretaria municipal de Ind\u00fastria e Com\u00e9rcio (Sedic).<\/p>\n<p>Nos dias da semana, o hor\u00e1rio do com\u00e9rcio ser\u00e1 das 9 \u00e0s 22 horas. Nos s\u00e1bados, dias 23 e 30 e nos domingos, dias 24 e 31, as lojas ficar\u00e3o abertas das 9 \u00e0s 18 horas. Dos dias 26 a 29, o com\u00e9rcio funcionar\u00e1 das 9 \u00e0s 20 horas. Essa \u00e9 a principal data no calend\u00e1rio do com\u00e9rcio e as lojas investem em contrata\u00e7\u00e3o de mais funcion\u00e1rios e aumentam seus estoques para atender o crescimento das vendas.<\/p>\n<p>Atra\u00e7\u00f5es natalinas\u00a0\u2013 Para abrilhantar ainda mais o clima natalino, nas escadarias do Pal\u00e1cio Marqu\u00eas de Paranagu\u00e1, se apresentar\u00e3o, hoje (18), o coral dos funcion\u00e1rios da Ceplac e o coral da Primeira Igreja Batista de Ilh\u00e9us, a partir das 18h30min.<\/p>\n<p><!--more--><\/p>\n<p>Segundo os idealizadores, o objetivo de levar os corais ao com\u00e9rcio, \u00e9 atrair fam\u00edlias inteiras, levantar a autoestima da popula\u00e7\u00e3o e motiv\u00e1-la com o esp\u00edrito natalino de fim de ano, que \u00e9 a melhor \u00e9poca do com\u00e9rcio. Durante toda a semana, outros grupos se apresentar\u00e3o no espa\u00e7o.<\/p>\n<p>Este ano, com o apoio e patroc\u00ednio institucional da Prefeitura, o com\u00e9rcio de Ilh\u00e9us oferece pr\u00eamios atrativos para a sua promo\u00e7\u00e3o natalina.\u00a0O prefeito M\u00e1rio Alexandre estima que nesta \u00e9poca do ano, em Ilh\u00e9us, dever\u00e1 ocorrer incremento de cerca de 40% nas vendas e a gera\u00e7\u00e3o de, pelo menos, dois mil empregos tempor\u00e1rios, por conta da exist\u00eancia no munic\u00edpio de uma m\u00e9dia de seis mil pontos comerciais em funcionamento.<\/p>\n<p>A campanha promocional da CDL or\u00e7ada em 150 mil reais oferece a premia\u00e7\u00e3o de um carro zero quil\u00f4metro, R$ 50 mil em bolsas de estudo na Faculdade de Ilh\u00e9us, dois notebooks, al\u00e9m de sorteio de R$ 20 mil em vales-compras e 18 ingressos para o a casa de espet\u00e1culo Batuba Beach Sound.<\/p>\n","protected":false},"excerpt":{"rendered":"<p>O com\u00e9rcio de Ilh\u00e9us passa a funcionar at\u00e9 \u00e0s 22 horas a partir de hoje (18) e permanece com o hor\u00e1rio estendido at\u00e9 o dia 24 de dezembro. A informa\u00e7\u00e3o \u00e9 da C\u00e2mara de Diretores Lojistas (CDL), Associa\u00e7\u00e3o Comercial de Ilh\u00e9us (ACI) e Sindicato do Com\u00e9rcio (Sincom\u00e9rcio) e conta com o apoio da Prefeitura de [&hellip;]<\/p>\n","protected":false},"author":2,"featured_media":0,"comment_status":"open","ping_status":"open","sticky":false,"template":"","format":"standard","meta":{"_links_to":"","_links_to_target":""},"categories":[1],"tags":[6238,218,1318],"_links":{"self":[{"href":"https:\/\/www.blogdothame.blog.br\/v1\/wp-json\/wp\/v2\/posts\/70715"}],"collection":[{"href":"https:\/\/www.blogdothame.blog.br\/v1\/wp-json\/wp\/v2\/posts"}],"about":[{"href":"https:\/\/www.blogdothame.blog.br\/v1\/wp-json\/wp\/v2\/types\/post"}],"author":[{"embeddable":true,"href":"https:\/\/www.blogdothame.blog.br\/v1\/wp-json\/wp\/v2\/users\/2"}],"replies":[{"embeddable":true,"href":"https:\/\/www.blogdothame.blog.br\/v1\/wp-json\/wp\/v2\/comments?post=70715"}],"version-history":[{"count":4,"href":"https:\/\/www.blogdothame.blog.br\/v1\/wp-json\/wp\/v2\/posts\/70715\/revisions"}],"predecessor-version":[{"id":70727,"href":"https:\/\/www.blogdothame.blog.br\/v1\/wp-json\/wp\/v2\/posts\/70715\/revisions\/70727"}],"wp:attachment":[{"href":"https:\/\/www.blogdothame.blog.br\/v1\/wp-json\/wp\/v2\/media?parent=70715"}],"wp:term":[{"taxonomy":"category","embeddable":true,"href":"https:\/\/www.blogdothame.blog.br\/v1\/wp-json\/wp\/v2\/categories?post=70715"},{"taxonomy":"post_tag","embeddable":true,"href":"https:\/\/www.blogdothame.blog.br\/v1\/wp-json\/wp\/v2\/tags?post=70715"}],"curies":[{"name":"wp","href":"https:\/\/api.w.org\/{rel}","templated":true}]}}