{"id":70442,"date":"2017-12-11T09:12:36","date_gmt":"2017-12-11T12:12:36","guid":{"rendered":"http:\/\/www.blogdothame.blog.br\/v1\/?p=70442"},"modified":"2017-12-11T09:13:55","modified_gmt":"2017-12-11T12:13:55","slug":"avenida-paulista-vira-avenida-bahia","status":"publish","type":"post","link":"https:\/\/www.blogdothame.blog.br\/v1\/2017\/12\/11\/avenida-paulista-vira-avenida-bahia\/","title":{"rendered":"Avenida Paulista vira `Avenida Bahia`"},"content":{"rendered":"<p><img loading=\"lazy\" class=\"aligncenter  wp-image-70445\" src=\"http:\/\/www.blogdothame.blog.br\/v1\/wp-content\/uploads\/2017\/12\/paulista-1.jpg\" alt=\"paulista 1\" width=\"383\" height=\"255\" srcset=\"https:\/\/www.blogdothame.blog.br\/v1\/wp-content\/uploads\/2017\/12\/paulista-1.jpg 512w, https:\/\/www.blogdothame.blog.br\/v1\/wp-content\/uploads\/2017\/12\/paulista-1-300x200.jpg 300w\" sizes=\"(max-width: 383px) 100vw, 383px\" \/><\/p>\n<p>Nas comemora\u00e7\u00f5es dos 126 anos da Avenida Paulista, quem fez a festa foi a Bahia. Numa a\u00e7\u00e3o promovida pela Secretaria do Turismo do Estado da Bahia (Setur), um verdadeiro cortejo baiano invadiu esta importante art\u00e9ria da cidade de S\u00e3o Paulo, entre o meio-dia e as 16h deste domingo (9), para vender os principais destinos tur\u00edsticos do estado. A promo\u00e7\u00e3o atingiu um p\u00fablico estimado em 25 mil pessoas, que circulavam no entorno do desfile e foram contagiadas pelo esp\u00edrito de baianidade.<\/p>\n<p><img loading=\"lazy\" class=\"alignright size-medium wp-image-70443\" src=\"http:\/\/www.blogdothame.blog.br\/v1\/wp-content\/uploads\/2017\/12\/paulista-2-300x201.jpg\" alt=\"paulista 2\" width=\"300\" height=\"201\" srcset=\"https:\/\/www.blogdothame.blog.br\/v1\/wp-content\/uploads\/2017\/12\/paulista-2-300x201.jpg 300w, https:\/\/www.blogdothame.blog.br\/v1\/wp-content\/uploads\/2017\/12\/paulista-2.jpg 511w\" sizes=\"(max-width: 300px) 100vw, 300px\" \/>Mulheres com trajes t\u00edpicos de baianas distribuindo fitinhas do Senhor do Bonfim, percussionistas executando ritmos da terra e 100 promotores distribuindo bal\u00f5es com a marca da Bahia sa\u00edram do Museu de Arte de S\u00e3o Paulo (Masp) em dire\u00e7\u00e3o \u00e0 Rua da Consola\u00e7\u00e3o e voltaram na altura da Rua Haddock Lobo, seguindo at\u00e9 a Avenida Brigadeiro Lu\u00eds Ant\u00f4nio. O cortejo lembrou os que s\u00e3o realizados tradicionalmente na Festa do Bonfim e cumpriu o objetivo de envolver o p\u00fablico ao redor, que se rendeu ao ax\u00e9 baiano.<\/p>\n<p>Para o subsecret\u00e1rio do Turismo, Benedito Braga, que seguiu por todo o trajeto, a a\u00e7\u00e3o foi um grande sucesso que deve se traduzir numa procura ainda maior dos paulistas pelos destinos baianos. \u201cFizemos duas a\u00e7\u00f5es em S\u00e3o Paulo, uma no Aeroporto de Congonhas, e esta agora na Avenida Paulista. Assim, promovemos uma fixa\u00e7\u00e3o da imagem das 13 zonas tur\u00edsticas da Bahia para que os paulistas nos visitem\u201d, afirmou.<\/p>\n<p><img loading=\"lazy\" class=\"alignleft size-medium wp-image-70444\" src=\"http:\/\/www.blogdothame.blog.br\/v1\/wp-content\/uploads\/2017\/12\/paulista-3-300x171.jpeg\" alt=\"paulista 3\" width=\"300\" height=\"171\" srcset=\"https:\/\/www.blogdothame.blog.br\/v1\/wp-content\/uploads\/2017\/12\/paulista-3-300x171.jpeg 300w, https:\/\/www.blogdothame.blog.br\/v1\/wp-content\/uploads\/2017\/12\/paulista-3.jpeg 512w\" sizes=\"(max-width: 300px) 100vw, 300px\" \/>Durante o trajeto, os promotores entregavam os bal\u00f5es entre as pessoas e pediam que elas escrevessem um desejo em um cart\u00e3o. Folhetos promocionais das zonas tur\u00edsticas baianas tamb\u00e9m foram entregues entre a popula\u00e7\u00e3o de S\u00e3o Paulo.<\/p>\n<p>Recentemente, pesquisa do DataFolha, publicada na edi\u00e7\u00e3o especial da revista Viaja S\u00e3o Paulo, indicou a Bahia como destino preferido dos paulistas. Em outubro, a Bahia tamb\u00e9m ganhou destaque no ranking internacional elaborado por especialistas do renomado Guia de Viagens Lonely Planet, que relacionou oito destinos baianos como lugares imperd\u00edveis para se visitar em 2018.<\/p>\n","protected":false},"excerpt":{"rendered":"<p>Nas comemora\u00e7\u00f5es dos 126 anos da Avenida Paulista, quem fez a festa foi a Bahia. Numa a\u00e7\u00e3o promovida pela Secretaria do Turismo do Estado da Bahia (Setur), um verdadeiro cortejo baiano invadiu esta importante art\u00e9ria da cidade de S\u00e3o Paulo, entre o meio-dia e as 16h deste domingo (9), para vender os principais destinos tur\u00edsticos [&hellip;]<\/p>\n","protected":false},"author":2,"featured_media":0,"comment_status":"open","ping_status":"open","sticky":false,"template":"","format":"standard","meta":{"_links_to":"","_links_to_target":""},"categories":[1],"tags":[20350,51,161,149],"_links":{"self":[{"href":"https:\/\/www.blogdothame.blog.br\/v1\/wp-json\/wp\/v2\/posts\/70442"}],"collection":[{"href":"https:\/\/www.blogdothame.blog.br\/v1\/wp-json\/wp\/v2\/posts"}],"about":[{"href":"https:\/\/www.blogdothame.blog.br\/v1\/wp-json\/wp\/v2\/types\/post"}],"author":[{"embeddable":true,"href":"https:\/\/www.blogdothame.blog.br\/v1\/wp-json\/wp\/v2\/users\/2"}],"replies":[{"embeddable":true,"href":"https:\/\/www.blogdothame.blog.br\/v1\/wp-json\/wp\/v2\/comments?post=70442"}],"version-history":[{"count":1,"href":"https:\/\/www.blogdothame.blog.br\/v1\/wp-json\/wp\/v2\/posts\/70442\/revisions"}],"predecessor-version":[{"id":70446,"href":"https:\/\/www.blogdothame.blog.br\/v1\/wp-json\/wp\/v2\/posts\/70442\/revisions\/70446"}],"wp:attachment":[{"href":"https:\/\/www.blogdothame.blog.br\/v1\/wp-json\/wp\/v2\/media?parent=70442"}],"wp:term":[{"taxonomy":"category","embeddable":true,"href":"https:\/\/www.blogdothame.blog.br\/v1\/wp-json\/wp\/v2\/categories?post=70442"},{"taxonomy":"post_tag","embeddable":true,"href":"https:\/\/www.blogdothame.blog.br\/v1\/wp-json\/wp\/v2\/tags?post=70442"}],"curies":[{"name":"wp","href":"https:\/\/api.w.org\/{rel}","templated":true}]}}