{"id":70279,"date":"2017-12-06T17:30:57","date_gmt":"2017-12-06T20:30:57","guid":{"rendered":"http:\/\/www.blogdothame.blog.br\/v1\/?p=70279"},"modified":"2017-12-06T16:02:28","modified_gmt":"2017-12-06T19:02:28","slug":"mais-de-50-municipios-terao-reforco-da-operacao-verao","status":"publish","type":"post","link":"https:\/\/www.blogdothame.blog.br\/v1\/2017\/12\/06\/mais-de-50-municipios-terao-reforco-da-operacao-verao\/","title":{"rendered":"Bahia: mais de 50 munic\u00edpios ter\u00e3o  refor\u00e7o da Opera\u00e7\u00e3o Ver\u00e3o"},"content":{"rendered":"<p><img loading=\"lazy\" class=\"aligncenter  wp-image-70283\" src=\"http:\/\/www.blogdothame.blog.br\/v1\/wp-content\/uploads\/2017\/12\/opver\u00e3o-1.jpg\" alt=\"opver\u00e3o 1\" width=\"473\" height=\"315\" srcset=\"https:\/\/www.blogdothame.blog.br\/v1\/wp-content\/uploads\/2017\/12\/opver\u00e3o-1.jpg 512w, https:\/\/www.blogdothame.blog.br\/v1\/wp-content\/uploads\/2017\/12\/opver\u00e3o-1-300x200.jpg 300w\" sizes=\"(max-width: 473px) 100vw, 473px\" \/><\/p>\n<p>Refor\u00e7os nas \u00e1reas litor\u00e2neas, nos pontos tur\u00edsticos, eventos e nas a\u00e7\u00f5es preventivas em Salvador e outros 50 munic\u00edpios e localidades do interior baiano est\u00e3o garantidos com o lan\u00e7amento da Opera\u00e7\u00e3o Ver\u00e3o, \u00a0nesta quarta-feira (6), na Pra\u00e7a Os\u00f3rio Villas Boas (antigo clube do Bahia), no bairro da Boca do Rio, na capital.<\/p>\n<p>Mais de 24 mil plant\u00f5es policiais ser\u00e3o disponibilizados pelo Governo do Estado no per\u00edodo, que tem in\u00edcio este m\u00eas e prossegue at\u00e9 o final de fevereiro de 2018. A\u00e7\u00e3o tem a participa\u00e7\u00e3o das pol\u00edcias Militar, Civil e T\u00e9cnica, al\u00e9m do Corpo de Bombeiros.<\/p>\n<p><img loading=\"lazy\" class=\"alignright size-medium wp-image-70280\" src=\"http:\/\/www.blogdothame.blog.br\/v1\/wp-content\/uploads\/2017\/12\/opver\u00e3o-4-300x225.png\" alt=\"opver\u00e3o 4\" width=\"300\" height=\"225\" srcset=\"https:\/\/www.blogdothame.blog.br\/v1\/wp-content\/uploads\/2017\/12\/opver\u00e3o-4-300x225.png 300w, https:\/\/www.blogdothame.blog.br\/v1\/wp-content\/uploads\/2017\/12\/opver\u00e3o-4.png 448w\" sizes=\"(max-width: 300px) 100vw, 300px\" \/>A estrutura dispon\u00edvel para a opera\u00e7\u00e3o, que pagar\u00e1 mais de R$ 3,5 milh\u00f5es em postos extras de trabalho, foi apresentada pelo secret\u00e1rio estadual da Seguran\u00e7a P\u00fablica em exerc\u00edcio, Ary Pereira de Oliveira. \u201cNosso policiamento ordin\u00e1rio permanece inalterado. Com a Opera\u00e7\u00e3o Ver\u00e3o, o Governo do Estado disponibiliza, por meio de escalas extras, recursos para que n\u00f3s possamos atuar de forma ainda mais intensa nas localidades onde h\u00e1 aumento do fluxo de pessoas\u201d.<\/p>\n<p>Tamb\u00e9m participaram do lan\u00e7amento o comandante geral da PM, coronel Anselmo Brand\u00e3o, a delegada geral adjunta da Pol\u00edcia Civil, Helo\u00edsa Campos Brito, o comandante do Corpo de Bombeiros Militar, coronel Francisco Telles de Mac\u00eado, e o diretor do Departamento de Pol\u00edcia T\u00e9cnica, \u00c9lson Jeffesson Neves.<\/p>\n<p><img loading=\"lazy\" class=\"alignleft size-medium wp-image-70281\" src=\"http:\/\/www.blogdothame.blog.br\/v1\/wp-content\/uploads\/2017\/12\/opver\u00e3o-2-300x200.jpg\" alt=\"opver\u00e3o 2\" width=\"300\" height=\"200\" srcset=\"https:\/\/www.blogdothame.blog.br\/v1\/wp-content\/uploads\/2017\/12\/opver\u00e3o-2-300x200.jpg 300w, https:\/\/www.blogdothame.blog.br\/v1\/wp-content\/uploads\/2017\/12\/opver\u00e3o-2.jpg 731w\" sizes=\"(max-width: 300px) 100vw, 300px\" \/>Na ocasi\u00e3o, um caminh\u00e3o ba\u00fa foi entregue ao Corpo de Bombeiros, adquirido com recursos do Fundo Estadual do Corpo de Bombeiros da Bahia (Funebom). O Departamento Estadual de Tr\u00e2nsito da Bahia (Detran-BA) tamb\u00e9m recebeu 17 novas viaturas padronizadas, al\u00e9m uma unidade m\u00f3vel da Escola P\u00fablica de Tr\u00e2nsito, para a promo\u00e7\u00e3o de a\u00e7\u00f5es educativas em simuladores de dire\u00e7\u00e3o.<\/p>\n<p>No total, mais de R$ 1 milh\u00e3o foi investido pelo Governo do Estado na aquisi\u00e7\u00e3o desses ve\u00edculos. O Detran tamb\u00e9m participar\u00e1 da Opera\u00e7\u00e3o Ver\u00e3o, aumentando o n\u00famero de blitze da Lei Seca, com o objetivo de reduzir os acidentes nos principais destinos tur\u00edsticos do estado.<\/p>\n<p><!--more--><\/p>\n<p>Pol\u00edcia Militar<\/p>\n<p>&nbsp;<\/p>\n<p><img loading=\"lazy\" class=\"alignright size-medium wp-image-70282\" src=\"http:\/\/www.blogdothame.blog.br\/v1\/wp-content\/uploads\/2017\/12\/opver\u00e3o-3-300x200.jpg\" alt=\"opver\u00e3o 3\" width=\"300\" height=\"200\" srcset=\"https:\/\/www.blogdothame.blog.br\/v1\/wp-content\/uploads\/2017\/12\/opver\u00e3o-3-300x200.jpg 300w, https:\/\/www.blogdothame.blog.br\/v1\/wp-content\/uploads\/2017\/12\/opver\u00e3o-3.jpg 731w\" sizes=\"(max-width: 300px) 100vw, 300px\" \/>Cerca de 23 mil plant\u00f5es ser\u00e3o destinados para institui\u00e7\u00e3o, que vai atuar na preven\u00e7\u00e3o de crimes com refor\u00e7os nos munic\u00edpios que possuem o aumento de fluxo de visitantes, al\u00e9m de intensifica\u00e7\u00e3o nas opera\u00e7\u00f5es rotineiras nos bairros da capital e da Regi\u00e3o Metropolitana de Salvador (RMS).<\/p>\n<p>&nbsp;<\/p>\n<p>A participa\u00e7\u00e3o da Opera\u00e7\u00e3o Ronda Maria da Penha \u00e9 a novidade da PM para a opera\u00e7\u00e3o este ano. Este tamb\u00e9m \u00e9 o primeiro Ver\u00e3o com cobertura da lancha da 19\u00aa CIPM (Paripe), rec\u00e9m-entregue \u00e0 unidade operacional.<\/p>\n<p>&nbsp;<\/p>\n<p>Entre os munic\u00edpios e localidades do interior que receber\u00e3o o incremento nas a\u00e7\u00f5es policiais est\u00e3o Porto Seguro (extremo sul), Valen\u00e7a, Morro de S\u00e3o Paulo (baixo sul), Camamu (sul), Ilha de Itaparica, Vera Cruz (RMS), Juazeiro (norte), Bom Jesus da Lapa,\u00a0 Barreiras (oeste), Paulo Afonso (Vale do S\u00e3o Francisco) e Rio de Contas (Chapada Diamantina).<\/p>\n<p>&nbsp;<\/p>\n<p>As unidades especializadas tamb\u00e9m estar\u00e3o envolvidas na Opera\u00e7\u00e3o Ver\u00e3o, entre elas, os batalh\u00f5es de Pol\u00edcia Rodovi\u00e1ria (BPRv), Especializado em Policiamento de Eventos (Bepe), Especializado de Policiamento Tur\u00edstico (Beptur), de Pol\u00edcia de Choque (BPChq), os esquadr\u00f5es de Pol\u00edcia Montada e \u00c1guia. As companhias de Policiamento Especializado com atua\u00e7\u00f5es nos munic\u00edpios atendidos pela opera\u00e7\u00e3o tamb\u00e9m receber\u00e3o escalas especiais.<\/p>\n<p>&nbsp;<\/p>\n<p>Pol\u00edcia Civil<\/p>\n<p>&nbsp;<\/p>\n<p>Al\u00e9m dos refor\u00e7os nas Delegacia Territoriais, onde h\u00e1 o aumento de demandas na esta\u00e7\u00e3o, a Pol\u00edcia Civil tamb\u00e9m atuar\u00e1 com a\u00e7\u00f5es espec\u00edficas no per\u00edodo. S\u00e3o elas \u00a0&#8211; as opera\u00e7\u00f5es \u2018Pista Limpa\u2019, realizada em conjunto com as pol\u00edcias Federal, Rodovi\u00e1ria Federal, Militar \u2013 em conjunto com o BPRv e T\u00e9cnica -, as opera\u00e7\u00f5es \u2018Mar Seguro\u2019, executada com o aumento da fiscaliza\u00e7\u00e3o na travessia via Ferry Boat.<br \/>\n\u2018Voo Legal\u2019, com foco no Aeroporto Internacional Lu\u00eds Eduardo Magalh\u00e3es e \u2018Correspond\u00eancia Legal\u2019, nos Correios, em parceira com o DPT. Todas as a\u00e7\u00f5es t\u00eam o prop\u00f3sito de repress\u00e3o \u00e0 entrada de drogas no estado. Tamb\u00e9m haver\u00e1 instala\u00e7\u00e3o de estruturas f\u00edsicas da PC nas festas populares. No total, mais de 1.100 servidores participam da opera\u00e7\u00e3o.<\/p>\n<p>&nbsp;<\/p>\n<p>Corpo de Bombeiros Militar<\/p>\n<p>&nbsp;<\/p>\n<p>Mais de 1.200 profissionais ser\u00e3o empregados na opera\u00e7\u00e3o, a mais movimentada do ano para a institui\u00e7\u00e3o. Entre os munic\u00edpios atendidos com o refor\u00e7o estar\u00e3oIlh\u00e9us, Itabuna (sul), Vit\u00f3ria da Conquista (sudoeste), Jequi\u00e9 (centro sul), Juazeiro (norte), Itaberaba (Chapada Diamantina), Santo Ant\u00f4nio de Jesus (Rec\u00f4ncavo), Teixeira de Freitas (extremo sul), Porto Seguro, Paulo Afonso e \u00a0Barreiras, al\u00e9m da capital e RMS. Entre as a\u00e7\u00f5es priorit\u00e1rias, est\u00e3o a preven\u00e7\u00e3o a acidentes como afogamentos e inc\u00eandios, al\u00e9m do atendimento pr\u00e9-hospitalar nos eventos do calend\u00e1rio de festas populares.<\/p>\n<p>&nbsp;<\/p>\n<p>Departamento de Pol\u00edcia T\u00e9cnica<\/p>\n<p>&nbsp;<\/p>\n<p>Com o atendimento sob demanda, a Pol\u00edcia Cient\u00edfica aplicar\u00e1 os plant\u00f5es de acordo com o calend\u00e1rio de a\u00e7\u00f5es da Pol\u00edcia Judici\u00e1ria, estando presente tamb\u00e9m nas festas populares, com o apoio das Bases M\u00f3veis e de equipamentos port\u00e1teis que permitem a mobilidade do trabalho realizado na sede, localizada em Salvador, para outras regi\u00f5es.\u00a0 (Fotos:\u00a0Alberto Maraux\/SSP\u00a0)<\/p>\n","protected":false},"excerpt":{"rendered":"<p>Refor\u00e7os nas \u00e1reas litor\u00e2neas, nos pontos tur\u00edsticos, eventos e nas a\u00e7\u00f5es preventivas em Salvador e outros 50 munic\u00edpios e localidades do interior baiano est\u00e3o garantidos com o lan\u00e7amento da Opera\u00e7\u00e3o Ver\u00e3o, \u00a0nesta quarta-feira (6), na Pra\u00e7a Os\u00f3rio Villas Boas (antigo clube do Bahia), no bairro da Boca do Rio, na capital. Mais de 24 mil [&hellip;]<\/p>\n","protected":false},"author":2,"featured_media":0,"comment_status":"open","ping_status":"open","sticky":false,"template":"","format":"standard","meta":{"_links_to":"","_links_to_target":""},"categories":[1],"tags":[51,20320,61],"_links":{"self":[{"href":"https:\/\/www.blogdothame.blog.br\/v1\/wp-json\/wp\/v2\/posts\/70279"}],"collection":[{"href":"https:\/\/www.blogdothame.blog.br\/v1\/wp-json\/wp\/v2\/posts"}],"about":[{"href":"https:\/\/www.blogdothame.blog.br\/v1\/wp-json\/wp\/v2\/types\/post"}],"author":[{"embeddable":true,"href":"https:\/\/www.blogdothame.blog.br\/v1\/wp-json\/wp\/v2\/users\/2"}],"replies":[{"embeddable":true,"href":"https:\/\/www.blogdothame.blog.br\/v1\/wp-json\/wp\/v2\/comments?post=70279"}],"version-history":[{"count":2,"href":"https:\/\/www.blogdothame.blog.br\/v1\/wp-json\/wp\/v2\/posts\/70279\/revisions"}],"predecessor-version":[{"id":70285,"href":"https:\/\/www.blogdothame.blog.br\/v1\/wp-json\/wp\/v2\/posts\/70279\/revisions\/70285"}],"wp:attachment":[{"href":"https:\/\/www.blogdothame.blog.br\/v1\/wp-json\/wp\/v2\/media?parent=70279"}],"wp:term":[{"taxonomy":"category","embeddable":true,"href":"https:\/\/www.blogdothame.blog.br\/v1\/wp-json\/wp\/v2\/categories?post=70279"},{"taxonomy":"post_tag","embeddable":true,"href":"https:\/\/www.blogdothame.blog.br\/v1\/wp-json\/wp\/v2\/tags?post=70279"}],"curies":[{"name":"wp","href":"https:\/\/api.w.org\/{rel}","templated":true}]}}