{"id":7025,"date":"2012-02-15T15:49:09","date_gmt":"2012-02-15T18:49:09","guid":{"rendered":"http:\/\/www.blogdothame.blog.br\/v1\/?p=7025"},"modified":"2012-02-15T15:49:09","modified_gmt":"2012-02-15T18:49:09","slug":"governador-da-bahia-nao-participou-de-reuniao-para-tratar-de-piso-nacional-de-professores","status":"publish","type":"post","link":"https:\/\/www.blogdothame.blog.br\/v1\/2012\/02\/15\/governador-da-bahia-nao-participou-de-reuniao-para-tratar-de-piso-nacional-de-professores\/","title":{"rendered":"Governador da Bahia n\u00e3o participou de reuni\u00e3o para tratar de piso nacional de professores"},"content":{"rendered":"<p>O governador Jaques Wagner negou, nesta quarta-feira (15), que tenha participado de uma reuni\u00e3o com governadores de outros estados e o presidente da C\u00e2mara Federal, deputado Marco Maia, para tratar do piso nacional dos professores da rede p\u00fablica de ensino.<\/p>\n<p>Wagner assegura\u00a0que seu governo vem cumprindo\u00a0a legisla\u00e7\u00e3o em rela\u00e7\u00e3o aos profissionais de educa\u00e7\u00e3o e continuar\u00e1 com este mesmo procedimento quanto ao piso salarial dos professores.<\/p>\n","protected":false},"excerpt":{"rendered":"<p>O governador Jaques Wagner negou, nesta quarta-feira (15), que tenha participado de uma reuni\u00e3o com governadores de outros estados e o presidente da C\u00e2mara Federal, deputado Marco Maia, para tratar do piso nacional dos professores da rede p\u00fablica de ensino. Wagner assegura\u00a0que seu governo vem cumprindo\u00a0a legisla\u00e7\u00e3o em rela\u00e7\u00e3o aos profissionais de educa\u00e7\u00e3o e continuar\u00e1 [&hellip;]<\/p>\n","protected":false},"author":2,"featured_media":0,"comment_status":"open","ping_status":"open","sticky":false,"template":"","format":"standard","meta":{"_links_to":"","_links_to_target":""},"categories":[1],"tags":[16,59,2041],"_links":{"self":[{"href":"https:\/\/www.blogdothame.blog.br\/v1\/wp-json\/wp\/v2\/posts\/7025"}],"collection":[{"href":"https:\/\/www.blogdothame.blog.br\/v1\/wp-json\/wp\/v2\/posts"}],"about":[{"href":"https:\/\/www.blogdothame.blog.br\/v1\/wp-json\/wp\/v2\/types\/post"}],"author":[{"embeddable":true,"href":"https:\/\/www.blogdothame.blog.br\/v1\/wp-json\/wp\/v2\/users\/2"}],"replies":[{"embeddable":true,"href":"https:\/\/www.blogdothame.blog.br\/v1\/wp-json\/wp\/v2\/comments?post=7025"}],"version-history":[{"count":1,"href":"https:\/\/www.blogdothame.blog.br\/v1\/wp-json\/wp\/v2\/posts\/7025\/revisions"}],"predecessor-version":[{"id":7026,"href":"https:\/\/www.blogdothame.blog.br\/v1\/wp-json\/wp\/v2\/posts\/7025\/revisions\/7026"}],"wp:attachment":[{"href":"https:\/\/www.blogdothame.blog.br\/v1\/wp-json\/wp\/v2\/media?parent=7025"}],"wp:term":[{"taxonomy":"category","embeddable":true,"href":"https:\/\/www.blogdothame.blog.br\/v1\/wp-json\/wp\/v2\/categories?post=7025"},{"taxonomy":"post_tag","embeddable":true,"href":"https:\/\/www.blogdothame.blog.br\/v1\/wp-json\/wp\/v2\/tags?post=7025"}],"curies":[{"name":"wp","href":"https:\/\/api.w.org\/{rel}","templated":true}]}}