{"id":70245,"date":"2017-12-06T18:17:31","date_gmt":"2017-12-06T21:17:31","guid":{"rendered":"http:\/\/www.blogdothame.blog.br\/v1\/?p=70245"},"modified":"2017-12-06T09:25:23","modified_gmt":"2017-12-06T12:25:23","slug":"festival-origens-celebra-cultura-e-historia-de-produtos-baianos","status":"publish","type":"post","link":"https:\/\/www.blogdothame.blog.br\/v1\/2017\/12\/06\/festival-origens-celebra-cultura-e-historia-de-produtos-baianos\/","title":{"rendered":"Festival Origens celebra cultura e hist\u00f3ria de produtos baianos"},"content":{"rendered":"<p style=\"text-align: right;\"><img loading=\"lazy\" class=\"aligncenter  wp-image-70250\" src=\"http:\/\/www.blogdothame.blog.br\/v1\/wp-content\/uploads\/2017\/12\/festival-de-origens1.jpg\" alt=\"festival de origens\" width=\"466\" height=\"393\" srcset=\"https:\/\/www.blogdothame.blog.br\/v1\/wp-content\/uploads\/2017\/12\/festival-de-origens1.jpg 1010w, https:\/\/www.blogdothame.blog.br\/v1\/wp-content\/uploads\/2017\/12\/festival-de-origens1-300x253.jpg 300w\" sizes=\"(max-width: 466px) 100vw, 466px\" \/>Por:\u00a0Gabriela Nascimento<\/p>\n<p>Motivados pelo interesse em conhecer a cadeia produtiva do tabaco, apreciadores de S\u00e3o Paulo, Rio de Janeiro, Porto Alegre e Belo Horizonte, participaram do 1\u00ba Festival Origens. O evento realizado entre os dias 30 de novembro e 2 de dezembro, foi sediado nos munic\u00edpios de S\u00e3o F\u00e9lix e Cachoeira, ber\u00e7o do Rec\u00f4ncavo da Bahia. O foco do festival foi apresentar a cultura, hist\u00f3ria e produ\u00e7\u00e3o do tabaco baiano, al\u00e9m de valorizar os 4 C da Bahia: cacha\u00e7a, caf\u00e9, charuto e chocolate.<\/p>\n<p><img loading=\"lazy\" class=\"alignright size-medium wp-image-70246\" src=\"http:\/\/www.blogdothame.blog.br\/v1\/wp-content\/uploads\/2017\/12\/fest-3-300x200.jpg\" alt=\"fest 3\" width=\"300\" height=\"200\" srcset=\"https:\/\/www.blogdothame.blog.br\/v1\/wp-content\/uploads\/2017\/12\/fest-3-300x200.jpg 300w, https:\/\/www.blogdothame.blog.br\/v1\/wp-content\/uploads\/2017\/12\/fest-3.jpg 1024w\" sizes=\"(max-width: 300px) 100vw, 300px\" \/>O paulista Robson Orsi, inaugurou a tabacaria Candice Cigars Santos, h\u00e1 sete meses e contou que o festival foi como uma universidade para ele. &#8220;Ainda estou engatinhando no setor e fiquei maravilhado com tudo que vi. Aprendi muito com as atividades do evento e tamb\u00e9m com os outros participantes que j\u00e1 est\u00e3o h\u00e1 muitos anos no segmento. Foi sensacional. Quero voltar no pr\u00f3ximo ano e trazer pessoas da minha loja&#8221;, disse.<\/p>\n<p>Para Marcos Souza, diretor executivo do Sindicato da Ind\u00fastria do Tabaco do Estado da Bahia (Sinditabaco) e organizador do evento, \u00e9 gratificante saber que os participantes tiveram as expectativas superadas. &#8220;Ficamos muito felizes tamb\u00e9m porque as empresas se prepararam para receber o evento. Al\u00e9m da parte da arquitetura, como \u00e9 o caso da reforma na f\u00e1brica Leite e Alves, as empresas se preparam com lan\u00e7amentos de linhas comemorativas para o festival. A Danneamann criou a bitola Toro, a Monte Pascoal apresentou a D\u00e9cada e a Menendez Amerino lan\u00e7ou a Arturo Menendez 40 anos. Isso foi \u00f3timo&#8221;, comemorou.<\/p>\n<p><img loading=\"lazy\" class=\"aligncenter  wp-image-70247\" src=\"http:\/\/www.blogdothame.blog.br\/v1\/wp-content\/uploads\/2017\/12\/fest-1-1024x683.jpg\" alt=\"fest 1\" width=\"420\" height=\"280\" srcset=\"https:\/\/www.blogdothame.blog.br\/v1\/wp-content\/uploads\/2017\/12\/fest-1.jpg 1024w, https:\/\/www.blogdothame.blog.br\/v1\/wp-content\/uploads\/2017\/12\/fest-1-300x200.jpg 300w\" sizes=\"(max-width: 420px) 100vw, 420px\" \/><\/p>\n<p>O festival contou com a participa\u00e7\u00e3o do especialista no mercado de tabaco e bebidas, Cesar Adames, que ministrou a palestra de abertura sobre &#8220;A Hist\u00f3ria do Tabaco no Rec\u00f4ncavo da Bahia&#8221;. Cesar destacou que \u00e9 a primeira vez que acontece um evento deste tipo na Am\u00e9rica do Sul. &#8220;Para esse primeiro festival n\u00f3s temos um grupo reduzido, mas muito significativo para o setor. Tivemos donos de lojas de charutos, distribuidores, apreciadores e imprensa especializada. Nas redes sociais o interesse est\u00e1 alto para participar da pr\u00f3xima edi\u00e7\u00e3o, ent\u00e3o s\u00f3 tende a crescer&#8221;, ressaltou.<\/p>\n<p>A programa\u00e7\u00e3o<\/p>\n<p><!--more--><\/p>\n<p><img loading=\"lazy\" class=\"alignright  wp-image-70248\" src=\"http:\/\/www.blogdothame.blog.br\/v1\/wp-content\/uploads\/2017\/12\/fest-4-1024x683.jpg\" alt=\"fest 4\" width=\"333\" height=\"222\" srcset=\"https:\/\/www.blogdothame.blog.br\/v1\/wp-content\/uploads\/2017\/12\/fest-4-1024x683.jpg 1024w, https:\/\/www.blogdothame.blog.br\/v1\/wp-content\/uploads\/2017\/12\/fest-4-300x200.jpg 300w, https:\/\/www.blogdothame.blog.br\/v1\/wp-content\/uploads\/2017\/12\/fest-4.jpg 1600w\" sizes=\"(max-width: 333px) 100vw, 333px\" \/>Entre as atividades, os visitantes conheceram f\u00e1bricas de charutos da regi\u00e3o, fazendas produtoras de tabaco e participaram de workshops de harmoniza\u00e7\u00e3o entre o charuto e outros produtos genuinamente de origem baiana e pertencentes ao grupo dos 4 C. Al\u00e9m disso, foram apresentadas manifesta\u00e7\u00f5es culturais de dan\u00e7a e m\u00fasica.<\/p>\n<p>Uma das f\u00e1bricas visitadas foi a Leite e Alves, em Cachoeira, que \u00e9 comandada por Renato Madeiro. Para ele, o festival \u00e9 o come\u00e7o do trabalho de valoriza\u00e7\u00e3o regional que ser\u00e1 melhorado com os anos. &#8220;O evento ajuda a mostrar que a qualidade dos charutos baianos \u00e9 t\u00e3o boa quanto os internacionais. A grande vantagem \u00e9 proporcionar que os consumidores das marcas conhe\u00e7am o trabalho que \u00e9 desenvolvido e participem do festival vendo a produ\u00e7\u00e3o de perto&#8221;, pontuou.<\/p>\n<p><img loading=\"lazy\" class=\"alignleft  wp-image-70249\" src=\"http:\/\/www.blogdothame.blog.br\/v1\/wp-content\/uploads\/2017\/12\/fest-2-1024x683.jpg\" alt=\"fest 2\" width=\"352\" height=\"234\" srcset=\"https:\/\/www.blogdothame.blog.br\/v1\/wp-content\/uploads\/2017\/12\/fest-2.jpg 1024w, https:\/\/www.blogdothame.blog.br\/v1\/wp-content\/uploads\/2017\/12\/fest-2-300x200.jpg 300w\" sizes=\"(max-width: 352px) 100vw, 352px\" \/>Os workshops de harmoniza\u00e7\u00f5es de charutos com a cacha\u00e7a, caf\u00e9 e chocolates apresentaram novas combina\u00e7\u00f5es e sabores na degusta\u00e7\u00e3o do produto. Juliana Galletti, dirige junto com o pai, Luiz Fernando Galletti, a marca de cacha\u00e7a Rio do Engenho. Ela contou que a harmoniza\u00e7\u00e3o com charuto \u00e9 algo novo para empresa. &#8220;Foi muito bom participar, porque o evento reuniu com muitos formadores de opini\u00e3o do setor. \u00c9 um p\u00fablico de alto poder aquisito que tivemos oportunidade de alcan\u00e7ar e mostrar a qualidade do nosso produto, muitas vezes desvalorizado. Sabemos que eles est\u00e3o divulgando muito e isso \u00e9 importante para trazer novos consumidores fora da Bahia, que talvez n\u00e3o atingir\u00edamos\u201d, afirmou.<\/p>\n<p>O festival foi uma realiza\u00e7\u00e3o do Sinditabaco em parceria com o Sebrae, Prefeitura Municipal de Cachoeira, Prefeitura Municipal de S\u00e3o F\u00e9lix, Caf\u00e9 Latitude 13\u00ba, Chor Chocolate e Cacha\u00e7a Rio do Engenho.<\/p>\n","protected":false},"excerpt":{"rendered":"<p>Por:\u00a0Gabriela Nascimento Motivados pelo interesse em conhecer a cadeia produtiva do tabaco, apreciadores de S\u00e3o Paulo, Rio de Janeiro, Porto Alegre e Belo Horizonte, participaram do 1\u00ba Festival Origens. O evento realizado entre os dias 30 de novembro e 2 de dezembro, foi sediado nos munic\u00edpios de S\u00e3o F\u00e9lix e Cachoeira, ber\u00e7o do Rec\u00f4ncavo da [&hellip;]<\/p>\n","protected":false},"author":2,"featured_media":0,"comment_status":"open","ping_status":"open","sticky":false,"template":"","format":"standard","meta":{"_links_to":"","_links_to_target":""},"categories":[1],"tags":[51,3582,20311],"_links":{"self":[{"href":"https:\/\/www.blogdothame.blog.br\/v1\/wp-json\/wp\/v2\/posts\/70245"}],"collection":[{"href":"https:\/\/www.blogdothame.blog.br\/v1\/wp-json\/wp\/v2\/posts"}],"about":[{"href":"https:\/\/www.blogdothame.blog.br\/v1\/wp-json\/wp\/v2\/types\/post"}],"author":[{"embeddable":true,"href":"https:\/\/www.blogdothame.blog.br\/v1\/wp-json\/wp\/v2\/users\/2"}],"replies":[{"embeddable":true,"href":"https:\/\/www.blogdothame.blog.br\/v1\/wp-json\/wp\/v2\/comments?post=70245"}],"version-history":[{"count":1,"href":"https:\/\/www.blogdothame.blog.br\/v1\/wp-json\/wp\/v2\/posts\/70245\/revisions"}],"predecessor-version":[{"id":70251,"href":"https:\/\/www.blogdothame.blog.br\/v1\/wp-json\/wp\/v2\/posts\/70245\/revisions\/70251"}],"wp:attachment":[{"href":"https:\/\/www.blogdothame.blog.br\/v1\/wp-json\/wp\/v2\/media?parent=70245"}],"wp:term":[{"taxonomy":"category","embeddable":true,"href":"https:\/\/www.blogdothame.blog.br\/v1\/wp-json\/wp\/v2\/categories?post=70245"},{"taxonomy":"post_tag","embeddable":true,"href":"https:\/\/www.blogdothame.blog.br\/v1\/wp-json\/wp\/v2\/tags?post=70245"}],"curies":[{"name":"wp","href":"https:\/\/api.w.org\/{rel}","templated":true}]}}