{"id":7020,"date":"2012-02-15T10:59:45","date_gmt":"2012-02-15T13:59:45","guid":{"rendered":"http:\/\/www.blogdothame.blog.br\/v1\/?p=7020"},"modified":"2012-02-15T10:59:45","modified_gmt":"2012-02-15T13:59:45","slug":"wagner-participa-da-reabertura-dos-trabalhos-na-assembleia-legislativa","status":"publish","type":"post","link":"https:\/\/www.blogdothame.blog.br\/v1\/2012\/02\/15\/wagner-participa-da-reabertura-dos-trabalhos-na-assembleia-legislativa\/","title":{"rendered":"Wagner participa da reabertura dos trabalhos na Assembl\u00e9ia Legislativa"},"content":{"rendered":"<p><a href=\"http:\/\/www.blogdothame.blog.br\/v1\/wp-content\/uploads\/wagner-na-AL-2.jpg\"><img loading=\"lazy\" class=\"aligncenter size-medium wp-image-7021\" title=\"wagner na AL  2\" src=\"http:\/\/www.blogdothame.blog.br\/v1\/wp-content\/uploads\/wagner-na-AL-2-300x200.jpg\" alt=\"\" width=\"300\" height=\"200\" srcset=\"https:\/\/www.blogdothame.blog.br\/v1\/wp-content\/uploads\/wagner-na-AL-2-300x200.jpg 300w, https:\/\/www.blogdothame.blog.br\/v1\/wp-content\/uploads\/wagner-na-AL-2.jpg 400w\" sizes=\"(max-width: 300px) 100vw, 300px\" \/><\/a><\/p>\n<p>O governador Jaques Wagner\u00a0apresentou sua mensagem durante a abertura dos trabalhos da Assembl\u00e9ia Legislativa da Bahia deste ano. O governador foi recepcionado pelo presidente da AL, Marcelo Nilo, ap\u00f3s a forma\u00e7\u00e3o da Guarda de Honra, juntamente com a Banda de M\u00fasica da Pol\u00edcia Militar.<\/p>\n<p>&nbsp;<\/p>\n<p>\u201cO ritual de hoje \u00e9 a entrega do relat\u00f3rio de atividades do ano passado, todo o balan\u00e7o daquilo que foi feito, e\u00a0a minha mensagem. Conforme o prometido, estamos entregando o projeto de reajuste de 6,5%, linear e retroativo a janeiro, para todo o funcionalismo p\u00fablico, e tamb\u00e9m o projeto que coloca em lei aquilo que foi fruto das conversas e negocia\u00e7\u00f5es a respeito da GAP IV e da GAP V para os policiais militares\u201d, declarou Wagner logo que chegou \u00e0 Assembleia.<\/p>\n<p>&nbsp;<\/p>\n<p>O governador disse ter certeza de que os projetos ser\u00e3o votados o mais r\u00e1pido poss\u00edvel. \u201cEssa \u00e9 a decis\u00e3o do governo e agora s\u00f3 falta a chancela da Assembleia Legislativa. Eu tenho certeza que a Assembleia sabe que este \u00e9 um esfor\u00e7o do Executivo e tamb\u00e9m tem interesse de que haja essa melhoria, portanto ser\u00e1 uma tramita\u00e7\u00e3o bastante r\u00e1pida\u201d.<\/p>\n<p>&nbsp;<\/p>\n<p>CONTINGENCIAMENTO<\/p>\n<p>&nbsp;<\/p>\n<p>Wagner tamb\u00e9m afirmou que, este ano, deve haver um contingenciamento, como foi feito no ano passado e como est\u00e1 sendo feito pelo governo federal, em fun\u00e7\u00e3o de restri\u00e7\u00f5es estaduais e nacionais, resultado da crise econ\u00f4mica mundial. \u201cEsse \u00e9 um dos motivos de haver dificuldade para atender as demandas salariais, seja pelo conjunto do or\u00e7amento, seja pelo limite da lei de responsabilidade fiscal\u201d.<\/p>\n<p>&nbsp;<\/p>\n<p>O governador disse tamb\u00e9m\u00a0 que ainda est\u00e3o sendo feitos os estudos para este contingenciamento. \u201cEst\u00e1 sendo feito o planejamento para fazermos como foi feito\u00a0no ano passado. \u00c9 melhor prevenir agora no come\u00e7o, e at\u00e9 poder ter um pouco mais de folga ao final do ano, do que a gente deixar as coisas acontecerem e sermos surpreendidos por uma\u00a0 car\u00eancia do nosso or\u00e7amento\u201d.<\/p>\n<p>&nbsp;<\/p>\n<p>Segundo Wagner, \u201co ano ainda \u00e9 uma interroga\u00e7\u00e3o. \u00c9 assim no mundo inteiro, est\u00e3o todos na expectativa, os Estados Unidos est\u00e3o reagindo melhor, mas a Europa ainda passa por momentos muito dif\u00edceis. A Bahia \u00e9 um estado exportador e qualquer queda nos mercados internacionais impacta diretamente na economia baiana\u201d.<\/p>\n<p>&nbsp;<\/p>\n<p>&nbsp;<\/p>\n<p>&nbsp;<\/p>\n","protected":false},"excerpt":{"rendered":"<p>O governador Jaques Wagner\u00a0apresentou sua mensagem durante a abertura dos trabalhos da Assembl\u00e9ia Legislativa da Bahia deste ano. O governador foi recepcionado pelo presidente da AL, Marcelo Nilo, ap\u00f3s a forma\u00e7\u00e3o da Guarda de Honra, juntamente com a Banda de M\u00fasica da Pol\u00edcia Militar. &nbsp; \u201cO ritual de hoje \u00e9 a entrega do relat\u00f3rio de [&hellip;]<\/p>\n","protected":false},"author":2,"featured_media":0,"comment_status":"open","ping_status":"open","sticky":false,"template":"","format":"standard","meta":{"_links_to":"","_links_to_target":""},"categories":[1],"tags":[552,16,59,2039],"_links":{"self":[{"href":"https:\/\/www.blogdothame.blog.br\/v1\/wp-json\/wp\/v2\/posts\/7020"}],"collection":[{"href":"https:\/\/www.blogdothame.blog.br\/v1\/wp-json\/wp\/v2\/posts"}],"about":[{"href":"https:\/\/www.blogdothame.blog.br\/v1\/wp-json\/wp\/v2\/types\/post"}],"author":[{"embeddable":true,"href":"https:\/\/www.blogdothame.blog.br\/v1\/wp-json\/wp\/v2\/users\/2"}],"replies":[{"embeddable":true,"href":"https:\/\/www.blogdothame.blog.br\/v1\/wp-json\/wp\/v2\/comments?post=7020"}],"version-history":[{"count":1,"href":"https:\/\/www.blogdothame.blog.br\/v1\/wp-json\/wp\/v2\/posts\/7020\/revisions"}],"predecessor-version":[{"id":7022,"href":"https:\/\/www.blogdothame.blog.br\/v1\/wp-json\/wp\/v2\/posts\/7020\/revisions\/7022"}],"wp:attachment":[{"href":"https:\/\/www.blogdothame.blog.br\/v1\/wp-json\/wp\/v2\/media?parent=7020"}],"wp:term":[{"taxonomy":"category","embeddable":true,"href":"https:\/\/www.blogdothame.blog.br\/v1\/wp-json\/wp\/v2\/categories?post=7020"},{"taxonomy":"post_tag","embeddable":true,"href":"https:\/\/www.blogdothame.blog.br\/v1\/wp-json\/wp\/v2\/tags?post=7020"}],"curies":[{"name":"wp","href":"https:\/\/api.w.org\/{rel}","templated":true}]}}