{"id":7000,"date":"2012-02-14T15:26:10","date_gmt":"2012-02-14T18:26:10","guid":{"rendered":"http:\/\/www.blogdothame.blog.br\/v1\/?p=7000"},"modified":"2012-02-14T15:26:10","modified_gmt":"2012-02-14T18:26:10","slug":"ministerio-da-educacao-investe-r-25-milhoes-no-pacto-com-os-municipios-na-bahia","status":"publish","type":"post","link":"https:\/\/www.blogdothame.blog.br\/v1\/2012\/02\/14\/ministerio-da-educacao-investe-r-25-milhoes-no-pacto-com-os-municipios-na-bahia\/","title":{"rendered":"MINIST\u00c9RIO DA EDUCA\u00c7\u00c3O INVESTE R$ 25 MILH\u00d5ES NO PACTO COM OS MUNIC\u00cdPIOS NA BAHIA"},"content":{"rendered":"<p>A Secretaria da Educa\u00e7\u00e3o do Estado da Bahia e o Fundo Nacional de Desenvolvimento da Educa\u00e7\u00e3o (FNDE), autarquia vinculada ao Minist\u00e9rio da Educa\u00e7\u00e3o (MEC), firmaram na semana passada conv\u00eanio, no valor de R$ 25 milh\u00f5es, para o Pacto com Munic\u00edpios, um dos compromissos do programa Todos pela Escola, que tem como meta alfabetizar todas as crian\u00e7as da rede p\u00fablica at\u00e9 os\u00a0oito anos de idade. O documento foi assinado pelo secret\u00e1rio Osvaldo Barreto e o superintendente Jos\u00e9 Carlos de Freitas.<\/p>\n<p>O secret\u00e1rio enfatiza o apoio do MEC ao Pacto, ressaltando que essa parceria &#8211; Governo da Bahia, minist\u00e9rio e prefeituras &#8211; \u201cvisa assegurar a educa\u00e7\u00e3o para as crian\u00e7as na base de sua forma\u00e7\u00e3o\u201d. Segundo Barreto, \u201cas pesquisas educacionais apontam que a alfabetiza\u00e7\u00e3o, com letramento, das crian\u00e7as at\u00e9\u00a0oito anos \u00e9 decisiva para diminuir o abandono, a evas\u00e3o e aumentar a aprova\u00e7\u00e3o e o interesse pelos estudos\u201d.<\/p>\n<p>Implantado em 2011, o Pacto com Munic\u00edpios inicia o ano letivo de 2012 com a ades\u00e3o de mais 112 prefeituras, totalizando 329 munic\u00edpios participantes. Este ano, a meta \u00e9 atender mais de 345 mil estudantes com a metodologia de Alfabetiza\u00e7\u00e3o com Letramento e Alfabetiza\u00e7\u00e3o Matem\u00e1tica em 11.770 escolas p\u00fablicas.<\/p>\n<p>Para garantir a efetiva aplica\u00e7\u00e3o da metodologia de alfabetiza\u00e7\u00e3o, o coordenador do Pacto com Munic\u00edpios, Clovis Carib\u00e9, informa que a Secretaria da Educa\u00e7\u00e3o assume a responsabilidade \u201cde capacita\u00e7\u00e3o dos formadores e dos professores alfabetizadores, e tamb\u00e9m o monitoramento e avalia\u00e7\u00e3o durante o processo, o que permite acompanhar o desempenho dos estudantes e fazer interven\u00e7\u00f5es pedag\u00f3gicas para ajud\u00e1-los a superar dificuldades no percurso educativo\u201d.<\/p>\n<p>&nbsp;<\/p>\n","protected":false},"excerpt":{"rendered":"<p>A Secretaria da Educa\u00e7\u00e3o do Estado da Bahia e o Fundo Nacional de Desenvolvimento da Educa\u00e7\u00e3o (FNDE), autarquia vinculada ao Minist\u00e9rio da Educa\u00e7\u00e3o (MEC), firmaram na semana passada conv\u00eanio, no valor de R$ 25 milh\u00f5es, para o Pacto com Munic\u00edpios, um dos compromissos do programa Todos pela Escola, que tem como meta alfabetizar todas as [&hellip;]<\/p>\n","protected":false},"author":2,"featured_media":0,"comment_status":"open","ping_status":"open","sticky":false,"template":"","format":"standard","meta":{"_links_to":"","_links_to_target":""},"categories":[1],"tags":[16,2027,2028],"_links":{"self":[{"href":"https:\/\/www.blogdothame.blog.br\/v1\/wp-json\/wp\/v2\/posts\/7000"}],"collection":[{"href":"https:\/\/www.blogdothame.blog.br\/v1\/wp-json\/wp\/v2\/posts"}],"about":[{"href":"https:\/\/www.blogdothame.blog.br\/v1\/wp-json\/wp\/v2\/types\/post"}],"author":[{"embeddable":true,"href":"https:\/\/www.blogdothame.blog.br\/v1\/wp-json\/wp\/v2\/users\/2"}],"replies":[{"embeddable":true,"href":"https:\/\/www.blogdothame.blog.br\/v1\/wp-json\/wp\/v2\/comments?post=7000"}],"version-history":[{"count":1,"href":"https:\/\/www.blogdothame.blog.br\/v1\/wp-json\/wp\/v2\/posts\/7000\/revisions"}],"predecessor-version":[{"id":7001,"href":"https:\/\/www.blogdothame.blog.br\/v1\/wp-json\/wp\/v2\/posts\/7000\/revisions\/7001"}],"wp:attachment":[{"href":"https:\/\/www.blogdothame.blog.br\/v1\/wp-json\/wp\/v2\/media?parent=7000"}],"wp:term":[{"taxonomy":"category","embeddable":true,"href":"https:\/\/www.blogdothame.blog.br\/v1\/wp-json\/wp\/v2\/categories?post=7000"},{"taxonomy":"post_tag","embeddable":true,"href":"https:\/\/www.blogdothame.blog.br\/v1\/wp-json\/wp\/v2\/tags?post=7000"}],"curies":[{"name":"wp","href":"https:\/\/api.w.org\/{rel}","templated":true}]}}