{"id":69895,"date":"2017-11-29T17:13:04","date_gmt":"2017-11-29T20:13:04","guid":{"rendered":"http:\/\/www.blogdothame.blog.br\/v1\/?p=69895"},"modified":"2017-11-29T14:46:16","modified_gmt":"2017-11-29T17:46:16","slug":"expansao-da-oferta-da-educacao-profissional-e-tecnologica-e-debatida-em-seminario-territorial-em-ilheus","status":"publish","type":"post","link":"https:\/\/www.blogdothame.blog.br\/v1\/2017\/11\/29\/expansao-da-oferta-da-educacao-profissional-e-tecnologica-e-debatida-em-seminario-territorial-em-ilheus\/","title":{"rendered":"Expans\u00e3o da oferta da Educa\u00e7\u00e3o Profissional e Tecnol\u00f3gica \u00e9 debatida em semin\u00e1rio territorial em Ilh\u00e9us"},"content":{"rendered":"<p><img loading=\"lazy\" class=\"alignleft  wp-image-69896\" src=\"http:\/\/www.blogdothame.blog.br\/v1\/wp-content\/uploads\/2017\/11\/DSC_0422.jpg\" alt=\"DSC_0422\" width=\"436\" height=\"291\" srcset=\"https:\/\/www.blogdothame.blog.br\/v1\/wp-content\/uploads\/2017\/11\/DSC_0422.jpg 1000w, https:\/\/www.blogdothame.blog.br\/v1\/wp-content\/uploads\/2017\/11\/DSC_0422-300x200.jpg 300w\" sizes=\"(max-width: 436px) 100vw, 436px\" \/>A Secretaria da Educa\u00e7\u00e3o do Estado est\u00e1 realizando, nesta quarta e quinta-feira (29 e 30), na cidade de Ilh\u00e9us, no Sul da Bahia, o I Semin\u00e1rio Territorial de Educa\u00e7\u00e3o Profissional, no Centro Estadual de Educa\u00e7\u00e3o (CEEP) do Chocolate Nelson Schaun. O objetivo do encontro \u00e9 discutir com os integrantes do setor produtivo, educadores e estudantes as demandas para ofertas de cursos no territ\u00f3rio e a qualifica\u00e7\u00e3o do ensino.\u00a0 A abertura do evento contou com a presen\u00e7a do secret\u00e1rio da Educa\u00e7\u00e3o do Estado, Walter Pinheiro.<\/p>\n<p>&nbsp;<\/p>\n<p>Para Pinheiro as parcerias com as universidades e institutos t\u00e9cnicos s\u00e3o fundamentais no processo de expans\u00e3o da oferta da Educa\u00e7\u00e3o Profissional e Tecnol\u00f3gica. &#8220;Temos que trazer o ensino superior e cursos t\u00e9cnicos federais para o nosso contexto. Utilizar o conhecimento de forma que possamos qualificar o ensino, propondo novas formas metodol\u00f3gicas e de avalia\u00e7\u00e3o dentro das escolas, valorizando o indiv\u00edduo e suas compet\u00eancias, al\u00e9m da sua identidade cultural,&#8221; enfatizou. O secret\u00e1rio ainda afirmou que &#8220;a ideia \u00e9 termos pelo menos um curso t\u00e9cnico ofertado nos 417 munic\u00edpios\u201d.<\/p>\n<p>&nbsp;<\/p>\n<p>O superintendente da Educa\u00e7\u00e3o Profissional e Tecnol\u00f3gica do Estado, Durval Lib\u00e2nio Netto, disse que os semin\u00e1rios visam ampliar este debate com os diferentes atores sociais para a oferta de cursos cada vez mais alinhada \u00e0s demandas territoriais. &#8220;Estamos iniciando esses semin\u00e1rios, que ser\u00e3o realizados nos 27 Territ\u00f3rios de Identidade, com o objetivo de qualificar os cursos existentes e dialogar com as prefeituras e institui\u00e7\u00f5es federais as possibilidades de cria\u00e7\u00e3o de novas ofertas, sempre avaliando e analisando as necessidades de cada localidade e sua cultura econ\u00f4mica, integrando a escola e a sociedade,&#8221; destacou.<\/p>\n<p>&nbsp;<\/p>\n<p>O estudante do 4\u00b0 ano, Vin\u00edcius Silva, do curso t\u00e9cnico de n\u00edvel m\u00e9dio em Guia de Turismo, falou sobre a import\u00e2ncia da oferta de cursos que possam valorizar as demandas locais. &#8220;Este direcionamento \u00e9 fundamental para que tenhamos sucesso em nossa profiss\u00e3o. Antes t\u00ednhamos cursos que nada tinham a ver com nossa regi\u00e3o e fecharam. Agora com cursos que valorizam o chocolate e o turismo, por exemplo, nos sentimos mais representados,&#8221; contou.<\/p>\n<p>&nbsp;<\/p>\n<p>Escrit\u00f3rios criativos\u00a0&#8211; Durante o semin\u00e1rio, a Secretaria da Educa\u00e7\u00e3o do Estado assinou um protocolo de inten\u00e7\u00f5es para a cria\u00e7\u00e3o de escrit\u00f3rios criativos em parceria com o SEBRAE.\u00a0A ideia dos escrit\u00f3rios criativos \u00e9 de articular as universidades, com os Centros de Educa\u00e7\u00e3o Profissional e o SEBRAE para atender demandas de empresas, comunidades e dos pr\u00f3prios estudantes por produtos e servi\u00e7os nos 27 territ\u00f3rios de identidade da Bahia.<\/p>\n<p>&nbsp;<\/p>\n<p>Para tanto, explica o superintendente Durval Lib\u00e2nio, ser\u00e3o criadas nos centros de Educa\u00e7\u00e3o Profissional e Tecnol\u00f3gica empresas juniores para prestar servi\u00e7os diversos.\u00a0\u201cCada escrit\u00f3rio contar\u00e1 com um t\u00e9cnico do programa Primeiro Emprego e dois estagi\u00e1rios do Mais Futuro para atendimento ao p\u00fablico e ser\u00e1 coordenado pelo vice do mundo do trabalho. Tamb\u00e9m ser\u00e1 paradeiro do projeto Agenda Territorial Bahia da Secretaria de Planejamento do Estado\u201d, destacou .<\/p>\n","protected":false},"excerpt":{"rendered":"<p>A Secretaria da Educa\u00e7\u00e3o do Estado est\u00e1 realizando, nesta quarta e quinta-feira (29 e 30), na cidade de Ilh\u00e9us, no Sul da Bahia, o I Semin\u00e1rio Territorial de Educa\u00e7\u00e3o Profissional, no Centro Estadual de Educa\u00e7\u00e3o (CEEP) do Chocolate Nelson Schaun. O objetivo do encontro \u00e9 discutir com os integrantes do setor produtivo, educadores e estudantes [&hellip;]<\/p>\n","protected":false},"author":2,"featured_media":0,"comment_status":"open","ping_status":"open","sticky":false,"template":"","format":"standard","meta":{"_links_to":"","_links_to_target":""},"categories":[1],"tags":[51,20241,218,9036],"_links":{"self":[{"href":"https:\/\/www.blogdothame.blog.br\/v1\/wp-json\/wp\/v2\/posts\/69895"}],"collection":[{"href":"https:\/\/www.blogdothame.blog.br\/v1\/wp-json\/wp\/v2\/posts"}],"about":[{"href":"https:\/\/www.blogdothame.blog.br\/v1\/wp-json\/wp\/v2\/types\/post"}],"author":[{"embeddable":true,"href":"https:\/\/www.blogdothame.blog.br\/v1\/wp-json\/wp\/v2\/users\/2"}],"replies":[{"embeddable":true,"href":"https:\/\/www.blogdothame.blog.br\/v1\/wp-json\/wp\/v2\/comments?post=69895"}],"version-history":[{"count":1,"href":"https:\/\/www.blogdothame.blog.br\/v1\/wp-json\/wp\/v2\/posts\/69895\/revisions"}],"predecessor-version":[{"id":69897,"href":"https:\/\/www.blogdothame.blog.br\/v1\/wp-json\/wp\/v2\/posts\/69895\/revisions\/69897"}],"wp:attachment":[{"href":"https:\/\/www.blogdothame.blog.br\/v1\/wp-json\/wp\/v2\/media?parent=69895"}],"wp:term":[{"taxonomy":"category","embeddable":true,"href":"https:\/\/www.blogdothame.blog.br\/v1\/wp-json\/wp\/v2\/categories?post=69895"},{"taxonomy":"post_tag","embeddable":true,"href":"https:\/\/www.blogdothame.blog.br\/v1\/wp-json\/wp\/v2\/tags?post=69895"}],"curies":[{"name":"wp","href":"https:\/\/api.w.org\/{rel}","templated":true}]}}