{"id":69861,"date":"2017-11-29T10:20:10","date_gmt":"2017-11-29T13:20:10","guid":{"rendered":"http:\/\/www.blogdothame.blog.br\/v1\/?p=69861"},"modified":"2017-11-29T11:37:25","modified_gmt":"2017-11-29T14:37:25","slug":"seminario-territorial-em-ilheus-debate-educacao-profissional","status":"publish","type":"post","link":"https:\/\/www.blogdothame.blog.br\/v1\/2017\/11\/29\/seminario-territorial-em-ilheus-debate-educacao-profissional\/","title":{"rendered":"Semin\u00e1rio Territorial em Ilh\u00e9us debate  Educa\u00e7\u00e3o Profissional"},"content":{"rendered":"<div>Com o objetivo de debater os avan\u00e7os e as perspectivas da Educa\u00e7\u00e3o Profissional na Bahia, a Secretaria da Educa\u00e7\u00e3o do Estado realiza, nestas quarta (29) e quinta-feira (30), o Semin\u00e1rio Territorial de Educa\u00e7\u00e3o Profissional e Tecnol\u00f3gica, no Centro Estadual de Educa\u00e7\u00e3o Profissional (CEEP) do Chocolate Nelson Schaun, em Ilh\u00e9us.\u00a0Na programa\u00e7\u00e3o est\u00e3o previstas mesas redondas e palestras sobre diversos temas correlatos \u00e0 Educa\u00e7\u00e3o Profissional, al\u00e9m de apresenta\u00e7\u00f5es institucionais de programas federais e de novas ofertas no setor.<\/div>\n<div><\/div>\n<div><\/div>\n<div><\/div>\n<div><\/div>\n<div><\/div>\n<div>Na oportunidade, ser\u00e1 lan\u00e7ado o projeto Escrit\u00f3rios Criativos, cuja ideia \u00e9 articular as universidades, os Centros da Educa\u00e7\u00e3o Profissional e Tecnol\u00f3gica e o SEBRAE, para atender demandas de empresas, comunidades e dos pr\u00f3prios estudantes por produtos e servi\u00e7os nos 27 Territ\u00f3rios de Identidade da Bahia.<\/div>\n<div><\/div>\n<div>\n<div>Programa\u00e7\u00e3o<\/div>\n<div><\/div>\n<div><\/div>\n<div><\/div>\n<\/div>\n<div><\/div>\n<p><!--more--><\/p>\n<div>\n<div><\/div>\n<div>Dia: 29.11.2017<\/div>\n<div><\/div>\n<div>08h30 &#8211; Caf\u00e9 da manh\u00e3<\/div>\n<div><\/div>\n<div>09h00 &#8211; Abertura<\/div>\n<div><\/div>\n<div>10h30 &#8211; Lan\u00e7amento do Projeto Escrit\u00f3rios Criativos &#8211; SEC\/ SEPLAN\/ IADH: Apresenta\u00e7\u00e3o e assinatura do Protocolo de Inten\u00e7\u00f5es<\/div>\n<div><\/div>\n<div>12:00 &#8211; Intervalo para o almo\u00e7o<\/div>\n<div><\/div>\n<div>13:30 &#8211; Mesa Redonda: AGTER, Escrit\u00f3rios Criativos e as Redes de Coopera\u00e7\u00e3o nos Territ\u00f3rios Baianos.<\/div>\n<div>Palestrantes: Durval Lib\u00e2nio &#8211; SUPROT; Luiz Gug\u00e9 &#8211; SEPLAN; Mazinho &#8211; Cedeter; Moderador: Danile Sanches SEC-SUPROT<\/div>\n<div><\/div>\n<div>15:00 &#8211; Mesa redonda\u00a0 &#8211; Educa\u00e7\u00e3o Profissional e Tecnol\u00f3gica no Litoral Sul da Bahia<\/div>\n<div>Palestrantes: Representante IFBahia, Representante IFBaiano, Representante Sistema S, Moderador: Durval Lib\u00e2nio &#8211; SEC-SUPROT<\/div>\n<div><\/div>\n<div>16h00 \u2013 Cofee Break<\/div>\n<div><\/div>\n<div>16:20 &#8211; Plen\u00e1ria: Demandas Educa\u00e7\u00e3o Profissional e Tecnol\u00f3gica no Litoral Sul da Bahia<\/div>\n<div><\/div>\n<div>17:30\u00a0 &#8211; Encerramento: Apresenta\u00e7\u00e3o Cultural<\/div>\n<div><\/div>\n<div>Dia: 30.11.2017<\/div>\n<div><\/div>\n<div>09h00 &#8211; Apresenta\u00e7\u00e3o da Superintend\u00eancia<\/div>\n<div><\/div>\n<div>10h00 &#8211; Apresenta\u00e7\u00e3o da Diretorias Institucional<\/div>\n<div><\/div>\n<div>10h30 &#8211; Apresenta\u00e7\u00e3o da Diretoria Pedag\u00f3gica<\/div>\n<div><\/div>\n<div>11h00 &#8211; Apresenta\u00e7\u00e3o dos Programas Federais<\/div>\n<div><\/div>\n<div>11h30 &#8211; Debates<\/div>\n<div><\/div>\n<div>12h00 &#8211; Almo\u00e7o<\/div>\n<div><\/div>\n<div>13h30 &#8211; Curr\u00edculo da Educa\u00e7\u00e3o Profissional e o novo modelo de oferta da EP<\/div>\n<div><\/div>\n<div>15h00 \u2013 Cofee Break<\/div>\n<div><\/div>\n<div>15h30 &#8211; Forma\u00e7\u00e3o de Professores EP.<\/div>\n<div><\/div>\n<div>17:00 h &#8211; Encerramento<\/div>\n<\/div>\n<p>&nbsp;<\/p>\n","protected":false},"excerpt":{"rendered":"<p>Com o objetivo de debater os avan\u00e7os e as perspectivas da Educa\u00e7\u00e3o Profissional na Bahia, a Secretaria da Educa\u00e7\u00e3o do Estado realiza, nestas quarta (29) e quinta-feira (30), o Semin\u00e1rio Territorial de Educa\u00e7\u00e3o Profissional e Tecnol\u00f3gica, no Centro Estadual de Educa\u00e7\u00e3o Profissional (CEEP) do Chocolate Nelson Schaun, em Ilh\u00e9us.\u00a0Na programa\u00e7\u00e3o est\u00e3o previstas mesas redondas e [&hellip;]<\/p>\n","protected":false},"author":2,"featured_media":0,"comment_status":"open","ping_status":"open","sticky":false,"template":"","format":"standard","meta":{"_links_to":"","_links_to_target":""},"categories":[1],"tags":[51,218,9036,20237],"_links":{"self":[{"href":"https:\/\/www.blogdothame.blog.br\/v1\/wp-json\/wp\/v2\/posts\/69861"}],"collection":[{"href":"https:\/\/www.blogdothame.blog.br\/v1\/wp-json\/wp\/v2\/posts"}],"about":[{"href":"https:\/\/www.blogdothame.blog.br\/v1\/wp-json\/wp\/v2\/types\/post"}],"author":[{"embeddable":true,"href":"https:\/\/www.blogdothame.blog.br\/v1\/wp-json\/wp\/v2\/users\/2"}],"replies":[{"embeddable":true,"href":"https:\/\/www.blogdothame.blog.br\/v1\/wp-json\/wp\/v2\/comments?post=69861"}],"version-history":[{"count":5,"href":"https:\/\/www.blogdothame.blog.br\/v1\/wp-json\/wp\/v2\/posts\/69861\/revisions"}],"predecessor-version":[{"id":69874,"href":"https:\/\/www.blogdothame.blog.br\/v1\/wp-json\/wp\/v2\/posts\/69861\/revisions\/69874"}],"wp:attachment":[{"href":"https:\/\/www.blogdothame.blog.br\/v1\/wp-json\/wp\/v2\/media?parent=69861"}],"wp:term":[{"taxonomy":"category","embeddable":true,"href":"https:\/\/www.blogdothame.blog.br\/v1\/wp-json\/wp\/v2\/categories?post=69861"},{"taxonomy":"post_tag","embeddable":true,"href":"https:\/\/www.blogdothame.blog.br\/v1\/wp-json\/wp\/v2\/tags?post=69861"}],"curies":[{"name":"wp","href":"https:\/\/api.w.org\/{rel}","templated":true}]}}