{"id":69646,"date":"2017-11-24T08:47:21","date_gmt":"2017-11-24T11:47:21","guid":{"rendered":"http:\/\/www.blogdothame.blog.br\/v1\/?p=69646"},"modified":"2017-11-24T08:47:21","modified_gmt":"2017-11-24T11:47:21","slug":"bahia-tera-tres-mil-voos-extras-no-verao","status":"publish","type":"post","link":"https:\/\/www.blogdothame.blog.br\/v1\/2017\/11\/24\/bahia-tera-tres-mil-voos-extras-no-verao\/","title":{"rendered":"Bahia ter\u00e1 tr\u00eas mil voos extras no ver\u00e3o"},"content":{"rendered":"<p><img loading=\"lazy\" class=\"alignleft size-medium wp-image-69647\" src=\"http:\/\/www.blogdothame.blog.br\/v1\/wp-content\/uploads\/2017\/11\/avi\u00e3o-300x199.jpg\" alt=\"avi\u00e3o\" width=\"300\" height=\"199\" srcset=\"https:\/\/www.blogdothame.blog.br\/v1\/wp-content\/uploads\/2017\/11\/avi\u00e3o-300x199.jpg 300w, https:\/\/www.blogdothame.blog.br\/v1\/wp-content\/uploads\/2017\/11\/avi\u00e3o.jpg 445w\" sizes=\"(max-width: 300px) 100vw, 300px\" \/>As principais companhias a\u00e9reas est\u00e3o apostando alto na demanda tur\u00edstica para a Bahia na alta esta\u00e7\u00e3o. A oferta de voos extras cresceu substancialmente em rela\u00e7\u00e3o ao \u00faltimo ver\u00e3o, passando de 1,5 mil para mais de 3 mil, o que representa um incremento de 100%. Al\u00e9m do aumento de frequ\u00eancias nos voos dom\u00e9sticos, h\u00e1 novas rotas internacionais programadas a partir de janeiro, interligando o estado com Montevid\u00e9u, Santiago e Buenos Aires.<\/p>\n<p>A estimativa da Secretaria do Turismo do Estado (Setur) \u00e9 que a Bahia receba 5,6 milh\u00f5es de turistas nacionais e estrangeiros no ver\u00e3o de 2017\/2018. \u201cFatores como a redu\u00e7\u00e3o do valor do ICMS para o combust\u00edvel, pelo Governo do Estado, e a promo\u00e7\u00e3o da Bahia contribu\u00edram para o refor\u00e7o da malha a\u00e9rea\u201d, afirma o secret\u00e1rio estadual do Turismo, Jos\u00e9 Alves.<\/p>\n<p>Somente a Gol colocar\u00e1 \u00e0 disposi\u00e7\u00e3o mais de dois mil voos extras para atender as cidades de Salvador, Porto Seguro e Ilh\u00e9us. O aumento, de mais de 100% em rela\u00e7\u00e3o ao ver\u00e3o passado, resulta, segundo o vice-presidente de Planejamento da companhia, Celso Ferrer, de estudos constantes para proporcionar aos clientes a melhor experi\u00eancia e o menor tempo de viagem.<\/p>\n<p>\u201cNossa opera\u00e7\u00e3o est\u00e1 focada principalmente nos destinos de lazer que registram aumento na demanda por parte dos passageiros, como \u00e9 o caso das cidades no Nordeste do pa\u00eds que s\u00e3o as mais procuradas\u201d, diz Ferrer.<\/p>\n","protected":false},"excerpt":{"rendered":"<p>As principais companhias a\u00e9reas est\u00e3o apostando alto na demanda tur\u00edstica para a Bahia na alta esta\u00e7\u00e3o. A oferta de voos extras cresceu substancialmente em rela\u00e7\u00e3o ao \u00faltimo ver\u00e3o, passando de 1,5 mil para mais de 3 mil, o que representa um incremento de 100%. Al\u00e9m do aumento de frequ\u00eancias nos voos dom\u00e9sticos, h\u00e1 novas rotas [&hellip;]<\/p>\n","protected":false},"author":2,"featured_media":0,"comment_status":"open","ping_status":"open","sticky":false,"template":"","format":"standard","meta":{"_links_to":"","_links_to_target":""},"categories":[1],"tags":[51,20194,1700,18677],"_links":{"self":[{"href":"https:\/\/www.blogdothame.blog.br\/v1\/wp-json\/wp\/v2\/posts\/69646"}],"collection":[{"href":"https:\/\/www.blogdothame.blog.br\/v1\/wp-json\/wp\/v2\/posts"}],"about":[{"href":"https:\/\/www.blogdothame.blog.br\/v1\/wp-json\/wp\/v2\/types\/post"}],"author":[{"embeddable":true,"href":"https:\/\/www.blogdothame.blog.br\/v1\/wp-json\/wp\/v2\/users\/2"}],"replies":[{"embeddable":true,"href":"https:\/\/www.blogdothame.blog.br\/v1\/wp-json\/wp\/v2\/comments?post=69646"}],"version-history":[{"count":1,"href":"https:\/\/www.blogdothame.blog.br\/v1\/wp-json\/wp\/v2\/posts\/69646\/revisions"}],"predecessor-version":[{"id":69648,"href":"https:\/\/www.blogdothame.blog.br\/v1\/wp-json\/wp\/v2\/posts\/69646\/revisions\/69648"}],"wp:attachment":[{"href":"https:\/\/www.blogdothame.blog.br\/v1\/wp-json\/wp\/v2\/media?parent=69646"}],"wp:term":[{"taxonomy":"category","embeddable":true,"href":"https:\/\/www.blogdothame.blog.br\/v1\/wp-json\/wp\/v2\/categories?post=69646"},{"taxonomy":"post_tag","embeddable":true,"href":"https:\/\/www.blogdothame.blog.br\/v1\/wp-json\/wp\/v2\/tags?post=69646"}],"curies":[{"name":"wp","href":"https:\/\/api.w.org\/{rel}","templated":true}]}}