{"id":69552,"date":"2017-11-22T19:00:35","date_gmt":"2017-11-22T22:00:35","guid":{"rendered":"http:\/\/www.blogdothame.blog.br\/v1\/?p=69552"},"modified":"2017-11-22T16:26:21","modified_gmt":"2017-11-22T19:26:21","slug":"projeto-transforma-praca-municipal-de-una-em-biblioteca-ao-ar-livre","status":"publish","type":"post","link":"https:\/\/www.blogdothame.blog.br\/v1\/2017\/11\/22\/projeto-transforma-praca-municipal-de-una-em-biblioteca-ao-ar-livre\/","title":{"rendered":"Projeto transforma Pra\u00e7a Municipal de Una em biblioteca ao ar livre"},"content":{"rendered":"<p><img loading=\"lazy\" class=\"aligncenter  wp-image-69554\" src=\"http:\/\/www.blogdothame.blog.br\/v1\/wp-content\/uploads\/2017\/11\/ProjetoLendoNaPra\u00e7a-14-1024x768.jpeg\" alt=\"ProjetoLendoNaPra\u00e7a (14)\" width=\"520\" height=\"390\" srcset=\"https:\/\/www.blogdothame.blog.br\/v1\/wp-content\/uploads\/2017\/11\/ProjetoLendoNaPra\u00e7a-14-1024x768.jpeg 1024w, https:\/\/www.blogdothame.blog.br\/v1\/wp-content\/uploads\/2017\/11\/ProjetoLendoNaPra\u00e7a-14-300x225.jpeg 300w, https:\/\/www.blogdothame.blog.br\/v1\/wp-content\/uploads\/2017\/11\/ProjetoLendoNaPra\u00e7a-14.jpeg 1600w\" sizes=\"(max-width: 520px) 100vw, 520px\" \/><\/p>\n<p>A Pra\u00e7a Municipal foi transformada em uma biblioteca ao ar livre na manh\u00e3 desta quarta-feira (22).\u00a0 Cerca de 40 alunos do 1\u00ba ano do Ensino Fundamental da Escola Municipal An\u00edsio Teixeira iniciaram o dia cercados de livros, alegria e imagina\u00e7\u00e3o e, al\u00e9m de se divertirem com as hist\u00f3rias contadas nos exemplares, as crian\u00e7as abordaram as pessoas que passavam pelo local para ler para elas.<\/p>\n<p><img loading=\"lazy\" class=\"aligncenter size-medium wp-image-69553\" src=\"http:\/\/www.blogdothame.blog.br\/v1\/wp-content\/uploads\/2017\/11\/ProjetoLendoNaPra\u00e7a-15-300x225.jpeg\" alt=\"ProjetoLendoNaPra\u00e7a (15)\" width=\"300\" height=\"225\" srcset=\"https:\/\/www.blogdothame.blog.br\/v1\/wp-content\/uploads\/2017\/11\/ProjetoLendoNaPra\u00e7a-15-300x225.jpeg 300w, https:\/\/www.blogdothame.blog.br\/v1\/wp-content\/uploads\/2017\/11\/ProjetoLendoNaPra\u00e7a-15-1024x768.jpeg 1024w, https:\/\/www.blogdothame.blog.br\/v1\/wp-content\/uploads\/2017\/11\/ProjetoLendoNaPra\u00e7a-15.jpeg 1600w\" sizes=\"(max-width: 300px) 100vw, 300px\" \/><br \/>\nA atividade integra o Projeto Lendo na Pra\u00e7a, desenvolvido pela unidade escolar, e tamb\u00e9m contou com a participa\u00e7\u00e3o dos pais das crian\u00e7as. O objetivo \u00e9 refor\u00e7ar o h\u00e1bito da leitura nas crian\u00e7as, torna-las multiplicadoras do costume para outras pessoas, al\u00e9m de orientar os pais sobre a necessidade de estimular a pr\u00e1tica dentro de casa. A iniciativa foi comandada pelas professoras Eide e Mara e juntou alunos dos turnos matutino e vespertino.<\/p>\n","protected":false},"excerpt":{"rendered":"<p>A Pra\u00e7a Municipal foi transformada em uma biblioteca ao ar livre na manh\u00e3 desta quarta-feira (22).\u00a0 Cerca de 40 alunos do 1\u00ba ano do Ensino Fundamental da Escola Municipal An\u00edsio Teixeira iniciaram o dia cercados de livros, alegria e imagina\u00e7\u00e3o e, al\u00e9m de se divertirem com as hist\u00f3rias contadas nos exemplares, as crian\u00e7as abordaram as [&hellip;]<\/p>\n","protected":false},"author":2,"featured_media":0,"comment_status":"open","ping_status":"open","sticky":false,"template":"","format":"standard","meta":{"_links_to":"","_links_to_target":""},"categories":[1],"tags":[51,20178,20179,955],"_links":{"self":[{"href":"https:\/\/www.blogdothame.blog.br\/v1\/wp-json\/wp\/v2\/posts\/69552"}],"collection":[{"href":"https:\/\/www.blogdothame.blog.br\/v1\/wp-json\/wp\/v2\/posts"}],"about":[{"href":"https:\/\/www.blogdothame.blog.br\/v1\/wp-json\/wp\/v2\/types\/post"}],"author":[{"embeddable":true,"href":"https:\/\/www.blogdothame.blog.br\/v1\/wp-json\/wp\/v2\/users\/2"}],"replies":[{"embeddable":true,"href":"https:\/\/www.blogdothame.blog.br\/v1\/wp-json\/wp\/v2\/comments?post=69552"}],"version-history":[{"count":1,"href":"https:\/\/www.blogdothame.blog.br\/v1\/wp-json\/wp\/v2\/posts\/69552\/revisions"}],"predecessor-version":[{"id":69555,"href":"https:\/\/www.blogdothame.blog.br\/v1\/wp-json\/wp\/v2\/posts\/69552\/revisions\/69555"}],"wp:attachment":[{"href":"https:\/\/www.blogdothame.blog.br\/v1\/wp-json\/wp\/v2\/media?parent=69552"}],"wp:term":[{"taxonomy":"category","embeddable":true,"href":"https:\/\/www.blogdothame.blog.br\/v1\/wp-json\/wp\/v2\/categories?post=69552"},{"taxonomy":"post_tag","embeddable":true,"href":"https:\/\/www.blogdothame.blog.br\/v1\/wp-json\/wp\/v2\/tags?post=69552"}],"curies":[{"name":"wp","href":"https:\/\/api.w.org\/{rel}","templated":true}]}}