{"id":69528,"date":"2017-11-22T14:05:14","date_gmt":"2017-11-22T17:05:14","guid":{"rendered":"http:\/\/www.blogdothame.blog.br\/v1\/?p=69528"},"modified":"2017-11-22T14:43:04","modified_gmt":"2017-11-22T17:43:04","slug":"estudantes-da-educacao-profissional-apresentam-tecnologias-sociais-e-prestam-servicos-gratuitos-no-5o-encontro-estudantil","status":"publish","type":"post","link":"https:\/\/www.blogdothame.blog.br\/v1\/2017\/11\/22\/estudantes-da-educacao-profissional-apresentam-tecnologias-sociais-e-prestam-servicos-gratuitos-no-5o-encontro-estudantil\/","title":{"rendered":"Estudantes da Educa\u00e7\u00e3o Profissional apresentam tecnologias sociais e  prestam servi\u00e7os gratuitos no 5\u00ba Encontro Estudantil"},"content":{"rendered":"<p class=\"m_8948113908689560118x_MsoNormal\"><img loading=\"lazy\" class=\"aligncenter  wp-image-69530\" src=\"http:\/\/www.blogdothame.blog.br\/v1\/wp-content\/uploads\/2017\/11\/37692064185_0a75d89b71_z.jpg\" alt=\"37692064185_0a75d89b71_z\" width=\"423\" height=\"237\" srcset=\"https:\/\/www.blogdothame.blog.br\/v1\/wp-content\/uploads\/2017\/11\/37692064185_0a75d89b71_z.jpg 640w, https:\/\/www.blogdothame.blog.br\/v1\/wp-content\/uploads\/2017\/11\/37692064185_0a75d89b71_z-300x168.jpg 300w\" sizes=\"(max-width: 423px) 100vw, 423px\" \/><\/p>\n<p class=\"m_8948113908689560118x_MsoNormal\">Projetos voltados \u00e0 educa\u00e7\u00e3o empreendedora, que incluem interven\u00e7\u00f5es e tecnologias sociais, de baixo custo e de grande\u00a0alcance social, est\u00e3o sendo expostos na 4\u00aa Feira de Tecnologias Sociais da Educa\u00e7\u00e3o Profissional e Tecnol\u00f3gica, que acontece\u00a0at\u00e9 essa quinta-feira (23), das 8h \u00e0s 18h, no n\u00edvel 5, da Arena Fonte Nova, como parte da programa\u00e7\u00e3o do 5\u00ba Encontro Estudantil da Rede Estadual. S\u00e3o 189 estandes, formados por estudantes dos cursos t\u00e9cnicos de n\u00edvel m\u00e9dio e dos cursos de qualifica\u00e7\u00e3o profissional da rede estadual, que apresentam o resultado de a\u00e7\u00f5es pedag\u00f3gicas visando \u00e0 forma\u00e7\u00e3o profissional e a inser\u00e7\u00e3o dos jovens no mundo do trabalho.<\/p>\n<p class=\"m_8948113908689560118x_MsoNormal\"><img loading=\"lazy\" class=\"alignleft size-medium wp-image-69529\" src=\"http:\/\/www.blogdothame.blog.br\/v1\/wp-content\/uploads\/2017\/11\/37692070335_a3e65b6b17_z-300x168.jpg\" alt=\"37692070335_a3e65b6b17_z\" width=\"300\" height=\"168\" srcset=\"https:\/\/www.blogdothame.blog.br\/v1\/wp-content\/uploads\/2017\/11\/37692070335_a3e65b6b17_z-300x168.jpg 300w, https:\/\/www.blogdothame.blog.br\/v1\/wp-content\/uploads\/2017\/11\/37692070335_a3e65b6b17_z.jpg 640w\" sizes=\"(max-width: 300px) 100vw, 300px\" \/>Nos estandes, os visitantes podem interagir com os estudantes, participar de palestras sobre temas diversos como seguran\u00e7a no ambiente dom\u00e9stico e at\u00e9 gustar, em uma Cozinha Experimental, chocolates, doces, cuscuz, empadas, empanadas de jaca, bolos de ab\u00f3bora e outras del\u00edcias que foram produzidos pelos estudantes dos cursos t\u00e9cnicos da rede estadual vindos de v\u00e1rios Centros de Educa\u00e7\u00e3o Profissional e Tecnol\u00f3gica da capital e do interior.<\/p>\n<p class=\"m_8948113908689560118x_MsoNormal\">\u00a0Os estudantes tamb\u00e9m est\u00e3o realizando servi\u00e7os gratuitos como aferi\u00e7\u00e3o de press\u00e3o arterial e chamam a aten\u00e7\u00e3o pela tecnologia e inova\u00e7\u00e3o dos projetos. Entre os trabalhos de grande alcance social est\u00e1 o programa &#8220;Professional Vision&#8221;, que beneficia pessoas com paralisia total do corpo e da fala.\u00a0Desenvolvido pelas estudantes do curso t\u00e9cnico de n\u00edvel m\u00e9dio em Inform\u00e1tica, do Centro Territorial de Educa\u00e7\u00e3o Profissional Itaparica I,\u00a0em Paulo Afonso, Renata Silva e Rafela \u00c2ngela, ambas com 18 anos, o sistema, por meio de um reconhecedor facial, possibilita\u00a0que o usu\u00e1rio se comunique. &#8220;Atrav\u00e9s da webcam do computador, o programa reconhece a pessoa que pode movimentar o cursor com\u00a0leves movimentos indicando frases pr\u00e9-programadas como &#8216;ol\u00e1, tudo bem?&#8217; ou &#8216;como est\u00e1 voc\u00ea?&#8217;. A sele\u00e7\u00e3o \u00e9 feita com um piscar\u00a0de olhos que aciona o clique do mouse&#8221;, explicou Renata.<\/p>\n<p class=\"m_8948113908689560118x_MsoNormal\"><!--more--><\/p>\n<p class=\"m_8948113908689560118x_MsoNormal\">Este projeto rendeu \u00e0s jovens um pr\u00eamio de primeiro lugar no Hackathon\u00a0(maratona de programa\u00e7\u00e3o) no Google Devfest, realizado em outubro de 2016, em Macei\u00f3 (AL). &#8220;Foi um momento que participaram diversos desenvolvedores do Brasil inteiro e tivemos essa grande vit\u00f3ria nesse evento&#8221;, destacou Rafaela.<\/p>\n<p class=\"m_8948113908689560118x_MsoNormal\">\u00a0Tamb\u00e9m com grande apelo social, as primas e estudantes do curso t\u00e9cnico de Seguran\u00e7a do Trabalho, do Centro Estadual de Educa\u00e7\u00e3o Profissional do Vale do Paraguac\u00fa, em Maragogipe, Iris, 18, e J\u00e9ssica Calheiras, 19, se voltaram para a sua\u00a0realidade para desenvolver um projeto que altera a qualidade no trabalho de seu povo. &#8220;Em nossa comunidade quilombola de\u00a0Giral Grande temos muitos acidentes com a produ\u00e7\u00e3o de farinha. Com os equipamentos acabavam acontecendo muitas mutila\u00e7\u00f5es e at\u00e9\u00a0mesmo escapela\u00e7\u00e3o do couro cabeludo. Com nosso projeto, mostramos solu\u00e7\u00f5es, como a cria\u00e7\u00e3o de uma paleta que empurra a\u00a0mandioca para o trituramento no cocho, evitando o uso diretamente das m\u00e3os. Al\u00e9m disso, o projeto tem uma prote\u00e7\u00e3o feita com as caixas que\u00a0transportam a mandioca, para evitar que o cabelo fique preso na m\u00e1quina promovendo um acidente, em sua grande maioria\u00a0direcionada \u00e0s mulheres&#8221;, ressaltou Iris.<\/p>\n","protected":false},"excerpt":{"rendered":"<p>Projetos voltados \u00e0 educa\u00e7\u00e3o empreendedora, que incluem interven\u00e7\u00f5es e tecnologias sociais, de baixo custo e de grande\u00a0alcance social, est\u00e3o sendo expostos na 4\u00aa Feira de Tecnologias Sociais da Educa\u00e7\u00e3o Profissional e Tecnol\u00f3gica, que acontece\u00a0at\u00e9 essa quinta-feira (23), das 8h \u00e0s 18h, no n\u00edvel 5, da Arena Fonte Nova, como parte da programa\u00e7\u00e3o do 5\u00ba Encontro [&hellip;]<\/p>\n","protected":false},"author":2,"featured_media":0,"comment_status":"open","ping_status":"open","sticky":false,"template":"","format":"standard","meta":{"_links_to":"","_links_to_target":""},"categories":[1],"tags":[20171,51,3482],"_links":{"self":[{"href":"https:\/\/www.blogdothame.blog.br\/v1\/wp-json\/wp\/v2\/posts\/69528"}],"collection":[{"href":"https:\/\/www.blogdothame.blog.br\/v1\/wp-json\/wp\/v2\/posts"}],"about":[{"href":"https:\/\/www.blogdothame.blog.br\/v1\/wp-json\/wp\/v2\/types\/post"}],"author":[{"embeddable":true,"href":"https:\/\/www.blogdothame.blog.br\/v1\/wp-json\/wp\/v2\/users\/2"}],"replies":[{"embeddable":true,"href":"https:\/\/www.blogdothame.blog.br\/v1\/wp-json\/wp\/v2\/comments?post=69528"}],"version-history":[{"count":1,"href":"https:\/\/www.blogdothame.blog.br\/v1\/wp-json\/wp\/v2\/posts\/69528\/revisions"}],"predecessor-version":[{"id":69531,"href":"https:\/\/www.blogdothame.blog.br\/v1\/wp-json\/wp\/v2\/posts\/69528\/revisions\/69531"}],"wp:attachment":[{"href":"https:\/\/www.blogdothame.blog.br\/v1\/wp-json\/wp\/v2\/media?parent=69528"}],"wp:term":[{"taxonomy":"category","embeddable":true,"href":"https:\/\/www.blogdothame.blog.br\/v1\/wp-json\/wp\/v2\/categories?post=69528"},{"taxonomy":"post_tag","embeddable":true,"href":"https:\/\/www.blogdothame.blog.br\/v1\/wp-json\/wp\/v2\/tags?post=69528"}],"curies":[{"name":"wp","href":"https:\/\/api.w.org\/{rel}","templated":true}]}}