{"id":69409,"date":"2017-11-20T12:43:01","date_gmt":"2017-11-20T15:43:01","guid":{"rendered":"http:\/\/www.blogdothame.blog.br\/v1\/?p=69409"},"modified":"2017-11-20T09:49:42","modified_gmt":"2017-11-20T12:49:42","slug":"cacau-bahia-2035-reune-agricultores-industria-turismo-desenvolvimento-economico-e-meio-ambiente","status":"publish","type":"post","link":"https:\/\/www.blogdothame.blog.br\/v1\/2017\/11\/20\/cacau-bahia-2035-reune-agricultores-industria-turismo-desenvolvimento-economico-e-meio-ambiente\/","title":{"rendered":"Cacau Bahia 2035 re\u00fane agricultores, ind\u00fastria, turismo, desenvolvimento econ\u00f4mico e meio ambiente"},"content":{"rendered":"<p><img loading=\"lazy\" class=\"alignright size-medium wp-image-69410\" src=\"http:\/\/www.blogdothame.blog.br\/v1\/wp-content\/uploads\/2017\/11\/cacau-lindo-300x225.jpg\" alt=\"cacau lindo\" width=\"300\" height=\"225\" srcset=\"https:\/\/www.blogdothame.blog.br\/v1\/wp-content\/uploads\/2017\/11\/cacau-lindo-300x225.jpg 300w, https:\/\/www.blogdothame.blog.br\/v1\/wp-content\/uploads\/2017\/11\/cacau-lindo.jpg 720w\" sizes=\"(max-width: 300px) 100vw, 300px\" \/>Com a finalidade de agregar todos os agentes da cadeia produtiva para promover o desenvolvimento econ\u00f4mico sustent\u00e1vel e competitivo, do plantio cuidadoso para a preserva\u00e7\u00e3o da Mata Atl\u00e2ntica \u00e0 produ\u00e7\u00e3o industrial em larga escala, passando por pequenos agricultores familiares e a diversifica\u00e7\u00e3o de produtos, ser\u00e1 constitu\u00eddo\u00a0 nesta ter\u00e7a-feira (21), \u00e0s 8h30, no Hotel De Ville, em Salvador um novo marco na hist\u00f3ria do Cacau da Bahia.<\/p>\n<p>Ser\u00e3o validados o Sistema e Arranjo Produtivo Local (APL) do Cacau e Chocolate, uma carta aberta, uma portaria para beneficiar produtores do cacau cabruca, um plano de trabalho e a Rota do Cacau. Al\u00e9m disso, uma loja de degusta\u00e7\u00e3o com 40 marcas de chocolate e diversas palestras que dar\u00e3o um panorama do Cacau no Brasil e no Mundo, com representantes do governo estadual e federal, institutos de pesquisa e ind\u00fastria.<\/p>\n","protected":false},"excerpt":{"rendered":"<p>Com a finalidade de agregar todos os agentes da cadeia produtiva para promover o desenvolvimento econ\u00f4mico sustent\u00e1vel e competitivo, do plantio cuidadoso para a preserva\u00e7\u00e3o da Mata Atl\u00e2ntica \u00e0 produ\u00e7\u00e3o industrial em larga escala, passando por pequenos agricultores familiares e a diversifica\u00e7\u00e3o de produtos, ser\u00e1 constitu\u00eddo\u00a0 nesta ter\u00e7a-feira (21), \u00e0s 8h30, no Hotel De Ville, [&hellip;]<\/p>\n","protected":false},"author":2,"featured_media":0,"comment_status":"open","ping_status":"open","sticky":false,"template":"","format":"standard","meta":{"_links_to":"","_links_to_target":""},"categories":[1],"tags":[51,20148],"_links":{"self":[{"href":"https:\/\/www.blogdothame.blog.br\/v1\/wp-json\/wp\/v2\/posts\/69409"}],"collection":[{"href":"https:\/\/www.blogdothame.blog.br\/v1\/wp-json\/wp\/v2\/posts"}],"about":[{"href":"https:\/\/www.blogdothame.blog.br\/v1\/wp-json\/wp\/v2\/types\/post"}],"author":[{"embeddable":true,"href":"https:\/\/www.blogdothame.blog.br\/v1\/wp-json\/wp\/v2\/users\/2"}],"replies":[{"embeddable":true,"href":"https:\/\/www.blogdothame.blog.br\/v1\/wp-json\/wp\/v2\/comments?post=69409"}],"version-history":[{"count":1,"href":"https:\/\/www.blogdothame.blog.br\/v1\/wp-json\/wp\/v2\/posts\/69409\/revisions"}],"predecessor-version":[{"id":69411,"href":"https:\/\/www.blogdothame.blog.br\/v1\/wp-json\/wp\/v2\/posts\/69409\/revisions\/69411"}],"wp:attachment":[{"href":"https:\/\/www.blogdothame.blog.br\/v1\/wp-json\/wp\/v2\/media?parent=69409"}],"wp:term":[{"taxonomy":"category","embeddable":true,"href":"https:\/\/www.blogdothame.blog.br\/v1\/wp-json\/wp\/v2\/categories?post=69409"},{"taxonomy":"post_tag","embeddable":true,"href":"https:\/\/www.blogdothame.blog.br\/v1\/wp-json\/wp\/v2\/tags?post=69409"}],"curies":[{"name":"wp","href":"https:\/\/api.w.org\/{rel}","templated":true}]}}