{"id":69388,"date":"2017-11-21T09:28:18","date_gmt":"2017-11-21T12:28:18","guid":{"rendered":"http:\/\/www.blogdothame.blog.br\/v1\/?p=69388"},"modified":"2017-11-17T16:33:59","modified_gmt":"2017-11-17T19:33:59","slug":"diagnostico-precoce-salva-vida-de-criancas-com-cancer","status":"publish","type":"post","link":"https:\/\/www.blogdothame.blog.br\/v1\/2017\/11\/21\/diagnostico-precoce-salva-vida-de-criancas-com-cancer\/","title":{"rendered":"Diagn\u00f3stico precoce salva vida de crian\u00e7as com c\u00e2ncer"},"content":{"rendered":"<p><img loading=\"lazy\" class=\"aligncenter  wp-image-69392\" src=\"http:\/\/www.blogdothame.blog.br\/v1\/wp-content\/uploads\/2017\/11\/CRIAN\u00c7A-GACC-16.jpg\" alt=\"CRIAN\u00c7A GACC (16)\" width=\"456\" height=\"304\" srcset=\"https:\/\/www.blogdothame.blog.br\/v1\/wp-content\/uploads\/2017\/11\/CRIAN\u00c7A-GACC-16.jpg 1000w, https:\/\/www.blogdothame.blog.br\/v1\/wp-content\/uploads\/2017\/11\/CRIAN\u00c7A-GACC-16-300x200.jpg 300w\" sizes=\"(max-width: 456px) 100vw, 456px\" \/><\/p>\n<p>No dia 23 de novembro acontece o Dia Nacional de Combate ao C\u00e2ncer Infantojuvenil, quando a Confedera\u00e7\u00e3o Nacional das Institui\u00e7\u00f5es de Apoio e Assist\u00eancia \u00e0 Crian\u00e7a e ao Adolescente com C\u00e2ncer (CONIACC) e o Grupo de Apoio \u00e0 Crian\u00e7a com C\u00e2ncer \u2013 GACC Sul Bahia chamam a aten\u00e7\u00e3o da popula\u00e7\u00e3o brasileira para a import\u00e2ncia do diagn\u00f3stico precoce da doen\u00e7a. A CONIACC congrega 53 institui\u00e7\u00f5es de apoio \u00e0 crian\u00e7a com c\u00e2ncer espalhadas por todo o Pa\u00eds, bate na tecla de que, quando descoberto cedo, o c\u00e2ncer em crian\u00e7as e adolescentes tem mais chances de cura.<\/p>\n<p><img loading=\"lazy\" class=\"alignleft size-medium wp-image-69390\" src=\"http:\/\/www.blogdothame.blog.br\/v1\/wp-content\/uploads\/2017\/11\/CRIAN\u00c7A-GACC-15-300x200.jpg\" alt=\"CRIAN\u00c7A GACC (15)\" width=\"300\" height=\"200\" srcset=\"https:\/\/www.blogdothame.blog.br\/v1\/wp-content\/uploads\/2017\/11\/CRIAN\u00c7A-GACC-15-300x200.jpg 300w, https:\/\/www.blogdothame.blog.br\/v1\/wp-content\/uploads\/2017\/11\/CRIAN\u00c7A-GACC-15.jpg 1000w\" sizes=\"(max-width: 300px) 100vw, 300px\" \/>O Instituto Nacional de C\u00e2ncer (INCA) estima que ocorrer\u00e3o cerca de 12.600 novos casos de c\u00e2ncer em crian\u00e7as e adolescentes no pa\u00eds em 2017. Por\u00e9m, o tratamento da crian\u00e7a com c\u00e2ncer \u00e9 um dos maiores exemplos de sucesso nas \u00faltimas d\u00e9cadas. A cura apresentou um giro de 180 graus, passando de 80% de taxa de mortalidade para 80% de taxa de cura.<\/p>\n<p>No entanto, a taxa de cura no Brasil, de acordo a Sociedade Brasileira de Oncologia Pedi\u00e1trica (SOBOPE), \u00e9 aqu\u00e9m do almejado. Um dos fatores que contribuem para isso \u00e9 o diagn\u00f3stico tardio. \u201cUma crian\u00e7a, quando tem a doen\u00e7a diagnosticada precocemente, pode ser tratada com a possibilidade de ter menos sequelas e mais qualidade de vida, por isso \u00e9 t\u00e3o importante a fam\u00edlia ficar alerta a sinais e sintomas que podem ser c\u00e2ncer e procurar um m\u00e9dico\u201d, alerta Teresa Fonseca &#8211; presidente da SOBOPE e GACC Sul Bahia .<\/p>\n<p><!--more--><\/p>\n<p>Pais e respons\u00e1veis refor\u00e7a Teresa Fonseca, devem prestar aten\u00e7\u00e3o a sinais e sintomas que podem ser confundidos com outras doen\u00e7as comuns \u00e0 inf\u00e2ncia, por isso, o cuidado deve ser refor\u00e7ado. A presidente do GACC Sul Bahia chama a aten\u00e7\u00e3o para caracter\u00edsticas como palidez progressiva, dor \u00f3ssea, nas articula\u00e7\u00f5es, incha\u00e7o que provocam dificuldades de andar, manchas roxas ou sangramentos que n\u00e3o s\u00e3o de traumas &#8211; principalmente nos membros inferiores e superiores &#8211; e febre prolongada que deixa a crian\u00e7a em condi\u00e7\u00f5es ap\u00e1ticas.<\/p>\n<p>Dores de cabe\u00e7a di\u00e1rias matutinas acompanhadas de v\u00f4mito, altera\u00e7\u00f5es no equil\u00edbrio, na vis\u00e3o, no andar, convuls\u00f5es, presen\u00e7a de \u00ednguas frequentes, perda de peso importante, assim como o comportamento da crian\u00e7a que deixa de brincar e s\u00f3 quer ficar deitada, tamb\u00e9m podem sinalizar que algo n\u00e3o vai bem. \u201cDiante desses sintomas \u00e9 importante que a crian\u00e7a seja avaliada por um m\u00e9dico\u201d, alerta Teresa Fonseca.<\/p>\n<p>Para Rilder Campos, presidente da CONIACC, o Dia Nacional de Combate ao C\u00e2ncer Infantojuvenil \u00e9 mais uma data importante para mobilizar a sociedade em prol da import\u00e2ncia do diagn\u00f3stico precoce da doen\u00e7a. \u201cO c\u00e2ncer infantojuvenil \u00e9 segunda causa de morte na faixa et\u00e1ria entre 01 e 19 anos, s\u00f3 perde para fatores externos como acidentes, ent\u00e3o, precisamos nos unir para salvar as nossas crian\u00e7as, identificando o quanto antes os sinais e sintomas da doen\u00e7a, para que elas sejam curadas e possam seguir com suas vidas\u201d, alerta.<\/p>\n<p>Sobre a CONIACC<\/p>\n<p>A Confedera\u00e7\u00e3o Nacional das Institui\u00e7\u00f5es de Assist\u00eancia \u00e0 Crian\u00e7a e ao Adolescente com C\u00e2ncer &#8211; CONIACC representa as organiza\u00e7\u00f5es de apoio \u00e0 crian\u00e7a e ao adolescente com c\u00e2ncer espalhadas por todo o Brasil. Atualmente conta com 53 filiadas.<\/p>\n<p>A CONIACC prop\u00f5e uma nova abordagem do papel das Institui\u00e7\u00f5es de Assist\u00eancia \u00e0s Crian\u00e7as e Adolescentes com C\u00e2ncer, ancoradas por uma vis\u00e3o de futuro, reconhecendo a responsabilidade de sua lideran\u00e7a em proporcionar melhor qualidade de vida e dignidade, minimizando a dor e o sofrimento dos pacientes portadores de c\u00e2ncer infantojuvenil.<\/p>\n<p>A CONIACC possui um prop\u00f3sito bem definido: estimular e apoiar, atrav\u00e9s de uma rede de a\u00e7\u00f5es em todos os n\u00edveis da sociedade, um olhar mais sens\u00edvel para a crian\u00e7a e o adolescente portadores de c\u00e2ncer e suas fam\u00edlias.<\/p>\n","protected":false},"excerpt":{"rendered":"<p>No dia 23 de novembro acontece o Dia Nacional de Combate ao C\u00e2ncer Infantojuvenil, quando a Confedera\u00e7\u00e3o Nacional das Institui\u00e7\u00f5es de Apoio e Assist\u00eancia \u00e0 Crian\u00e7a e ao Adolescente com C\u00e2ncer (CONIACC) e o Grupo de Apoio \u00e0 Crian\u00e7a com C\u00e2ncer \u2013 GACC Sul Bahia chamam a aten\u00e7\u00e3o da popula\u00e7\u00e3o brasileira para a import\u00e2ncia do [&hellip;]<\/p>\n","protected":false},"author":2,"featured_media":0,"comment_status":"open","ping_status":"open","sticky":false,"template":"","format":"standard","meta":{"_links_to":"","_links_to_target":""},"categories":[1],"tags":[20145,20146,2363],"_links":{"self":[{"href":"https:\/\/www.blogdothame.blog.br\/v1\/wp-json\/wp\/v2\/posts\/69388"}],"collection":[{"href":"https:\/\/www.blogdothame.blog.br\/v1\/wp-json\/wp\/v2\/posts"}],"about":[{"href":"https:\/\/www.blogdothame.blog.br\/v1\/wp-json\/wp\/v2\/types\/post"}],"author":[{"embeddable":true,"href":"https:\/\/www.blogdothame.blog.br\/v1\/wp-json\/wp\/v2\/users\/2"}],"replies":[{"embeddable":true,"href":"https:\/\/www.blogdothame.blog.br\/v1\/wp-json\/wp\/v2\/comments?post=69388"}],"version-history":[{"count":3,"href":"https:\/\/www.blogdothame.blog.br\/v1\/wp-json\/wp\/v2\/posts\/69388\/revisions"}],"predecessor-version":[{"id":69393,"href":"https:\/\/www.blogdothame.blog.br\/v1\/wp-json\/wp\/v2\/posts\/69388\/revisions\/69393"}],"wp:attachment":[{"href":"https:\/\/www.blogdothame.blog.br\/v1\/wp-json\/wp\/v2\/media?parent=69388"}],"wp:term":[{"taxonomy":"category","embeddable":true,"href":"https:\/\/www.blogdothame.blog.br\/v1\/wp-json\/wp\/v2\/categories?post=69388"},{"taxonomy":"post_tag","embeddable":true,"href":"https:\/\/www.blogdothame.blog.br\/v1\/wp-json\/wp\/v2\/tags?post=69388"}],"curies":[{"name":"wp","href":"https:\/\/api.w.org\/{rel}","templated":true}]}}