{"id":69377,"date":"2017-11-20T13:04:09","date_gmt":"2017-11-20T16:04:09","guid":{"rendered":"http:\/\/www.blogdothame.blog.br\/v1\/?p=69377"},"modified":"2017-11-17T16:09:18","modified_gmt":"2017-11-17T19:09:18","slug":"estudantes-irao-expor-94-obras-de-artes-visuais-na-arena-fonte-nova","status":"publish","type":"post","link":"https:\/\/www.blogdothame.blog.br\/v1\/2017\/11\/20\/estudantes-irao-expor-94-obras-de-artes-visuais-na-arena-fonte-nova\/","title":{"rendered":"Estudantes ir\u00e3o expor 94 obras de artes visuais na Arena Fonte Nova"},"content":{"rendered":"<p><img loading=\"lazy\" class=\"alignright size-medium wp-image-69378\" src=\"http:\/\/www.blogdothame.blog.br\/v1\/wp-content\/uploads\/2017\/11\/Mostra-de-Artes-Visuais-Estudantis-na-Flica-Foto-Mar\u00e7al-Dutra-4-300x169.jpg\" alt=\"Mostra de Artes Visuais Estudantis na Flica - Foto Mar\u00e7al Dutra (4)\" width=\"300\" height=\"169\" srcset=\"https:\/\/www.blogdothame.blog.br\/v1\/wp-content\/uploads\/2017\/11\/Mostra-de-Artes-Visuais-Estudantis-na-Flica-Foto-Mar\u00e7al-Dutra-4-300x169.jpg 300w, https:\/\/www.blogdothame.blog.br\/v1\/wp-content\/uploads\/2017\/11\/Mostra-de-Artes-Visuais-Estudantis-na-Flica-Foto-Mar\u00e7al-Dutra-4-1024x576.jpg 1024w, https:\/\/www.blogdothame.blog.br\/v1\/wp-content\/uploads\/2017\/11\/Mostra-de-Artes-Visuais-Estudantis-na-Flica-Foto-Mar\u00e7al-Dutra-4.jpg 1280w\" sizes=\"(max-width: 300px) 100vw, 300px\" \/>As experi\u00eancias criativas dos estudantes da rede estadual retratadas em 94 obras estar\u00e3o expostas na\u00a09\u00aa Mostra de Artes Visuais Estudantis (AVE), dentro do\u00a05\u00ba Encontro Estudantil da Rede Estadual, de 21 a 23\/11, na Arena Fonte Nova, em Salvador. O Encontro ser\u00e1 aberto ao p\u00fablico, das 8h \u00e0s 18h, e reunir\u00e1, ao todo, mais de 4 mil estudantes dos 27 N\u00facleos Territoriais de Educa\u00e7\u00e3o (NTE), que ir\u00e3o apresentar, ainda, projetos de ci\u00eancia, esporte, cultura, empreendedorismo, inova\u00e7\u00e3o, tecnologia e de interven\u00e7\u00f5es sociais.<\/p>\n<p>Pelo AVE, o p\u00fablico visitante poder\u00e1 conferir quadros, atrav\u00e9s dos quais os alunos revelam a sua percep\u00e7\u00e3o de mundo \u2013 seja pela vida cultural, social, pol\u00edtica ou religiosa \u2013 que os cerca. Este projeto tem o objetivo de\u00a0estimular a cria\u00e7\u00e3o de obras de artes visuais nos contextos escolares,\u00a0assim como a va\u00adlo\u00adri\u00adza\u00e7\u00e3o das ex\u00adpres\u00ads\u00f5es cul\u00adtu\u00adrais re\u00adgi\u00ado\u00adnais, visando a am\u00adpli\u00ada\u00e7\u00e3o do co\u00adnhe\u00adci\u00admento. Os estudantes que ir\u00e3o expor no Encontro Estudantil passaram por seletivas escolares e territoriais, durante o ano letivo de 2016.<\/p>\n<p>A coordenadora de Projetos Intersetoriais da Secretaria da Educa\u00e7\u00e3o do Estado, Nide Nobre, destaca o valor das obras finalistas do AVE. \u201cOs nossos artistas apresentam autorretratos de sua vida estudantil, bem como revelam sua vis\u00e3o de mundo sobre tudo ao seu redor. N\u00e3o h\u00e1 nada na natureza e na sociedade que escape da sensibilidade deles e eles apreendem o mundo em em preto e branco e em tra\u00e7os coloridos, mostrando a multidisciplinaridade da vida cultural e art\u00edstica em pinturas que real\u00e7am temas diversos\u201d.<\/p>\n<p><!--more--><\/p>\n<p>Tem\u00e1ticas \u2013\u00a0Por caminhos distintos e usos de t\u00e9cnicas variadas, acrescenta a coordenadora, os estudantes, independente da linguagem art\u00edstica, abordam a complexidade e a diversidade da vida cultural, retratando a beleza do mundo oriunda da natureza (o mar, os rios, o sol, as matas, as flores, as aves, as borboletas) e do cotidiano da vida social, das express\u00f5es de lugares reais e imagin\u00e1rios, do ambiente escolar e do mundo do conhecimento e das express\u00f5es e manifesta\u00e7\u00f5es culturais (negros, \u00edndios, mesti\u00e7os, mulher, corpo e sedu\u00e7\u00e3o).<\/p>\n<p>Temas como a seca do Nordeste; o desmatamento; a viol\u00eancia contra a mulher, a temporalidade como express\u00e3o de vida; as diferen\u00e7as sociais; a import\u00e2ncia da leitura e a liberdade, em uma releitura nas artes visuais de Navio Negreiro, em comemora\u00e7\u00e3o aos 170 anos de Castro Alves, entre outros tantos, estar\u00e3o estampados nos quadros de autoria dos estudantes, no Nivel 6 da Arena, durante o encontro.<\/p>\n<p>Artes visuais \u2013\u00a0Criado em 2008, o Artes Vi\u00adsuais Es\u00adtu\u00addantis (AVE) trata de um pro\u00adjeto pi\u00ado\u00adneiro da Secretaria da Educa\u00e7\u00e3o do Estado, de ca\u00adr\u00e1ter edu\u00adca\u00adtivo, ar\u00adt\u00eds\u00adtico e cul\u00adtural, en\u00advolvendo es\u00adtu\u00addantes do 6\u00ba ano do En\u00adsino Fun\u00adda\u00admental ao 3\u00ba ano do En\u00adsino M\u00e9dio e equi\u00adva\u00adlentes (Edu\u00adca\u00e7\u00e3o de Jo\u00advens e Adultos &#8211; EJA, En\u00adsino Normal e Tec\u00adno\u00adl\u00f3\u00adgico) da rede es\u00adta\u00addual, al\u00e9m de pro\u00adfes\u00adsores de L\u00edngua Por\u00adtu\u00adguesa, Arte e dis\u00adci\u00adplinas afins, co\u00ador\u00adde\u00adna\u00addores pe\u00adda\u00adg\u00f3\u00adgicos, di\u00adre\u00adtores das es\u00adcolas e dos N\u00fa\u00adcleos Ter\u00adri\u00adto\u00adriais de Edu\u00adca\u00e7\u00e3o (NTE) e t\u00e9c\u00adnicos da Se\u00adcre\u00adtaria.<\/p>\n","protected":false},"excerpt":{"rendered":"<p>As experi\u00eancias criativas dos estudantes da rede estadual retratadas em 94 obras estar\u00e3o expostas na\u00a09\u00aa Mostra de Artes Visuais Estudantis (AVE), dentro do\u00a05\u00ba Encontro Estudantil da Rede Estadual, de 21 a 23\/11, na Arena Fonte Nova, em Salvador. O Encontro ser\u00e1 aberto ao p\u00fablico, das 8h \u00e0s 18h, e reunir\u00e1, ao todo, mais de 4 [&hellip;]<\/p>\n","protected":false},"author":2,"featured_media":0,"comment_status":"open","ping_status":"open","sticky":false,"template":"","format":"standard","meta":{"_links_to":"","_links_to_target":""},"categories":[1],"tags":[20142,20140,1678,51,20141],"_links":{"self":[{"href":"https:\/\/www.blogdothame.blog.br\/v1\/wp-json\/wp\/v2\/posts\/69377"}],"collection":[{"href":"https:\/\/www.blogdothame.blog.br\/v1\/wp-json\/wp\/v2\/posts"}],"about":[{"href":"https:\/\/www.blogdothame.blog.br\/v1\/wp-json\/wp\/v2\/types\/post"}],"author":[{"embeddable":true,"href":"https:\/\/www.blogdothame.blog.br\/v1\/wp-json\/wp\/v2\/users\/2"}],"replies":[{"embeddable":true,"href":"https:\/\/www.blogdothame.blog.br\/v1\/wp-json\/wp\/v2\/comments?post=69377"}],"version-history":[{"count":1,"href":"https:\/\/www.blogdothame.blog.br\/v1\/wp-json\/wp\/v2\/posts\/69377\/revisions"}],"predecessor-version":[{"id":69379,"href":"https:\/\/www.blogdothame.blog.br\/v1\/wp-json\/wp\/v2\/posts\/69377\/revisions\/69379"}],"wp:attachment":[{"href":"https:\/\/www.blogdothame.blog.br\/v1\/wp-json\/wp\/v2\/media?parent=69377"}],"wp:term":[{"taxonomy":"category","embeddable":true,"href":"https:\/\/www.blogdothame.blog.br\/v1\/wp-json\/wp\/v2\/categories?post=69377"},{"taxonomy":"post_tag","embeddable":true,"href":"https:\/\/www.blogdothame.blog.br\/v1\/wp-json\/wp\/v2\/tags?post=69377"}],"curies":[{"name":"wp","href":"https:\/\/api.w.org\/{rel}","templated":true}]}}