{"id":69340,"date":"2017-11-17T12:20:17","date_gmt":"2017-11-17T15:20:17","guid":{"rendered":"http:\/\/www.blogdothame.blog.br\/v1\/?p=69340"},"modified":"2017-11-17T11:54:34","modified_gmt":"2017-11-17T14:54:34","slug":"parceria-com-hospital-de-barretos-vai-ampliar-rastreamento-do-cancer-na-bahia","status":"publish","type":"post","link":"https:\/\/www.blogdothame.blog.br\/v1\/2017\/11\/17\/parceria-com-hospital-de-barretos-vai-ampliar-rastreamento-do-cancer-na-bahia\/","title":{"rendered":"Parceria com Hospital de Barretos vai ampliar rastreamento do c\u00e2ncer na Bahia"},"content":{"rendered":"<p><img loading=\"lazy\" class=\"alignright size-medium wp-image-69341\" src=\"http:\/\/www.blogdothame.blog.br\/v1\/wp-content\/uploads\/2017\/11\/Foto-Mateus-Pereira__GOVBA-3-300x200.jpeg\" alt=\"Foto Mateus Pereira__GOVBA ( (3)\" width=\"300\" height=\"200\" srcset=\"https:\/\/www.blogdothame.blog.br\/v1\/wp-content\/uploads\/2017\/11\/Foto-Mateus-Pereira__GOVBA-3-300x200.jpeg 300w, https:\/\/www.blogdothame.blog.br\/v1\/wp-content\/uploads\/2017\/11\/Foto-Mateus-Pereira__GOVBA-3-1024x682.jpeg 1024w, https:\/\/www.blogdothame.blog.br\/v1\/wp-content\/uploads\/2017\/11\/Foto-Mateus-Pereira__GOVBA-3.jpeg 1280w\" sizes=\"(max-width: 300px) 100vw, 300px\" \/>Durante inaugura\u00e7\u00e3o da Policl\u00ednica Regional do Extremo Sul, nesta sexta-feira (17), em Teixeira de Freitas, o governador Rui Costa anunciou que foi firmada uma parceria com o Hospital de Barretos (S\u00e3o Paulo) para instala\u00e7\u00e3o de equipamentos de rastreamento de c\u00e2ncer de mama e de \u00fatero. \u201cAl\u00e9m do mam\u00f3grafo que temos aqui na policl\u00ednica, vamos instalar um novo que faz bi\u00f3psia e deixar uma carreta dedicada a atender os 13 munic\u00edpios do cons\u00f3rcio da regi\u00e3o, com exames de rastreamento\u201d, revelou o governador.<\/p>\n<p>Segundo Rui, todas as policl\u00ednicas constru\u00eddas pelo Governo do Estado v\u00e3o contar com o refor\u00e7o da carreta para rastreamento de c\u00e2ncer de mama e de \u00fatero, que vai circular pelos munic\u00edpios. \u201cQuero ter o orgulho de a Bahia ser n\u00famero um, quando o assunto for rastreamento e preven\u00e7\u00e3o de c\u00e2ncer de mama e de \u00fatero, atrav\u00e9s da parceria entre as policl\u00ednicas e o Hospital de Barretos\u201d, enfatizou.<\/p>\n<p><img loading=\"lazy\" class=\"alignleft  wp-image-69342\" src=\"http:\/\/www.blogdothame.blog.br\/v1\/wp-content\/uploads\/2017\/11\/poli-tf-300x200.jpg\" alt=\"poli tf\" width=\"278\" height=\"185\" srcset=\"https:\/\/www.blogdothame.blog.br\/v1\/wp-content\/uploads\/2017\/11\/poli-tf-300x200.jpg 300w, https:\/\/www.blogdothame.blog.br\/v1\/wp-content\/uploads\/2017\/11\/poli-tf-1024x683.jpg 1024w, https:\/\/www.blogdothame.blog.br\/v1\/wp-content\/uploads\/2017\/11\/poli-tf.jpg 1224w\" sizes=\"(max-width: 278px) 100vw, 278px\" \/>A Policl\u00ednica Regional do Extremo Sul foi entregue na manh\u00e3 desta sexta-feira pelo governador, que at\u00e9 o final do ano vai entregar tamb\u00e9m as policl\u00ednicas regionais que funcionar\u00e3o em Guanambi, Irec\u00ea e Jequi\u00e9, para atender aos munic\u00edpios consorciados do seu entorno. A pr\u00f3xima inaugura\u00e7\u00e3o acontece no dia 24 deste m\u00eas, em Guanambi, para atender a grande parte da regi\u00e3o sudoeste do estado. As outras duas entrar\u00e3o em funcionamento em dezembro.<\/p>\n<p>Al\u00e9m das policl\u00ednicas, o Governo do Estado vai colocar em opera\u00e7\u00e3o, at\u00e9 o fim do ano, os Hospitais do Cacau, em Ilh\u00e9us, e o Hospital Regional das Chapada, em Seabra.<\/p>\n","protected":false},"excerpt":{"rendered":"<p>Durante inaugura\u00e7\u00e3o da Policl\u00ednica Regional do Extremo Sul, nesta sexta-feira (17), em Teixeira de Freitas, o governador Rui Costa anunciou que foi firmada uma parceria com o Hospital de Barretos (S\u00e3o Paulo) para instala\u00e7\u00e3o de equipamentos de rastreamento de c\u00e2ncer de mama e de \u00fatero. \u201cAl\u00e9m do mam\u00f3grafo que temos aqui na policl\u00ednica, vamos instalar [&hellip;]<\/p>\n","protected":false},"author":2,"featured_media":0,"comment_status":"open","ping_status":"open","sticky":false,"template":"","format":"standard","meta":{"_links_to":"","_links_to_target":""},"categories":[1],"tags":[51,20131,20129,20132,615],"_links":{"self":[{"href":"https:\/\/www.blogdothame.blog.br\/v1\/wp-json\/wp\/v2\/posts\/69340"}],"collection":[{"href":"https:\/\/www.blogdothame.blog.br\/v1\/wp-json\/wp\/v2\/posts"}],"about":[{"href":"https:\/\/www.blogdothame.blog.br\/v1\/wp-json\/wp\/v2\/types\/post"}],"author":[{"embeddable":true,"href":"https:\/\/www.blogdothame.blog.br\/v1\/wp-json\/wp\/v2\/users\/2"}],"replies":[{"embeddable":true,"href":"https:\/\/www.blogdothame.blog.br\/v1\/wp-json\/wp\/v2\/comments?post=69340"}],"version-history":[{"count":1,"href":"https:\/\/www.blogdothame.blog.br\/v1\/wp-json\/wp\/v2\/posts\/69340\/revisions"}],"predecessor-version":[{"id":69343,"href":"https:\/\/www.blogdothame.blog.br\/v1\/wp-json\/wp\/v2\/posts\/69340\/revisions\/69343"}],"wp:attachment":[{"href":"https:\/\/www.blogdothame.blog.br\/v1\/wp-json\/wp\/v2\/media?parent=69340"}],"wp:term":[{"taxonomy":"category","embeddable":true,"href":"https:\/\/www.blogdothame.blog.br\/v1\/wp-json\/wp\/v2\/categories?post=69340"},{"taxonomy":"post_tag","embeddable":true,"href":"https:\/\/www.blogdothame.blog.br\/v1\/wp-json\/wp\/v2\/tags?post=69340"}],"curies":[{"name":"wp","href":"https:\/\/api.w.org\/{rel}","templated":true}]}}