{"id":69334,"date":"2017-11-17T10:40:52","date_gmt":"2017-11-17T13:40:52","guid":{"rendered":"http:\/\/www.blogdothame.blog.br\/v1\/?p=69334"},"modified":"2017-11-17T10:54:42","modified_gmt":"2017-11-17T13:54:42","slug":"e-uma-mudanca-completa-no-padrao-da-saude-publica-na-bahia-diz-secretario-fabio-vilas-boas","status":"publish","type":"post","link":"https:\/\/www.blogdothame.blog.br\/v1\/2017\/11\/17\/e-uma-mudanca-completa-no-padrao-da-saude-publica-na-bahia-diz-secretario-fabio-vilas-boas\/","title":{"rendered":"\u201c\u00c9 uma mudan\u00e7a completa no padr\u00e3o da sa\u00fade p\u00fablica na Bahia\u201d, diz secret\u00e1rio F\u00e1bio Vilas-Boas"},"content":{"rendered":"<p><img loading=\"lazy\" class=\"alignright size-medium wp-image-69035\" src=\"http:\/\/www.blogdothame.blog.br\/v1\/wp-content\/uploads\/2017\/11\/Policl\u00ednica-Teixeira-de-Freitas-El\u00f3i-Corr\u00eaa-GOVBA-1-300x200.jpg\" alt=\"Policl\u00ednica Teixeira de Freitas - El\u00f3i Corr\u00eaa GOVBA (1)\" width=\"300\" height=\"200\" srcset=\"https:\/\/www.blogdothame.blog.br\/v1\/wp-content\/uploads\/2017\/11\/Policl\u00ednica-Teixeira-de-Freitas-El\u00f3i-Corr\u00eaa-GOVBA-1-300x200.jpg 300w, https:\/\/www.blogdothame.blog.br\/v1\/wp-content\/uploads\/2017\/11\/Policl\u00ednica-Teixeira-de-Freitas-El\u00f3i-Corr\u00eaa-GOVBA-1.jpg 1000w\" sizes=\"(max-width: 300px) 100vw, 300px\" \/>Durante a inaugura\u00e7\u00e3o da Policl\u00ednica Regional em Teixeira de Freitas, nesta sexta-feira (17), o secret\u00e1rio estadual da Sa\u00fade, F\u00e1bio Vilas-Boas, destacou o novo modelo de gest\u00e3o adotado para a unidade, que atender\u00e1 outros 13 munic\u00edpios do extremo sul baiano. &#8220;Como a gente n\u00e3o quer que as pessoas tenham que esperar em filas, ningu\u00e9m vai marcar a consulta aqui na Policl\u00ednica. As pessoas ir\u00e3o a um posto de sa\u00fade no seu munic\u00edpio fazer a consulta, agendar o exame e a\u00ed v\u00eam para c\u00e1 com todo o conforto, no \u00f4nibus com ar-condicionado, para serem atendidas, depois voltam para casa. \u00c9 uma mudan\u00e7a completa no padr\u00e3o da sa\u00fade p\u00fablica no nosso Estado&#8221;, afirmou.<\/p>\n<p>A unidade j\u00e1 come\u00e7a a funcionar na segunda-feira (20). Ao todo, 460 mil moradores da regi\u00e3o poder\u00e3o usufruir do novo atendimento. Sete micro-\u00f4nibus far\u00e3o a rota entre os munic\u00edpios participantes do Cons\u00f3rcio P\u00fablico de Sa\u00fade, que administra a unidade. Os ve\u00edculos s\u00e3o equipados com ar-condicionado, televis\u00e3o, poltronas reclin\u00e1veis e acessibilidade para deficientes, a fim de conduzir pacientes agendados \u00e0 policl\u00ednica da regi\u00e3o.<\/p>\n<p>A Policl\u00ednica localizada em Teixeira de Freitas \u00e9 a primeira inaugurada pelo Governo, do total de 18 que ser\u00e3o implantadas no estado. Ainda este ano, at\u00e9 o dia 22 de dezembro, mais tr\u00eas policl\u00ednicas ser\u00e3o entregues em Guanambi, Irec\u00ea e Jequi\u00e9.<\/p>\n<p>Financiamento<\/p>\n<p>Sobre o financiamento, Vilas-Boas explica que o cons\u00f3rcio contempla o Governo do Estado financiando 40% e os 60% restantes ser\u00e3o distribu\u00eddos proporcionalmente, de acordo com o tamanho da popula\u00e7\u00e3o de cada munic\u00edpio. &#8220;Esse custeio vai ser sobre o que efetivamente vier a ser gasto, ent\u00e3o vai ficar muito barato para cada munic\u00edpio porque aqui n\u00e3o h\u00e1 lucro, apenas uma transfer\u00eancia do que foi efetivamente gasto. Os recursos s\u00e3o descontados pelo Governo de cada munic\u00edpio na sua cota do ICMS, para quitar as despesas daquele m\u00eas\u201d.<\/p>\n","protected":false},"excerpt":{"rendered":"<p>Durante a inaugura\u00e7\u00e3o da Policl\u00ednica Regional em Teixeira de Freitas, nesta sexta-feira (17), o secret\u00e1rio estadual da Sa\u00fade, F\u00e1bio Vilas-Boas, destacou o novo modelo de gest\u00e3o adotado para a unidade, que atender\u00e1 outros 13 munic\u00edpios do extremo sul baiano. &#8220;Como a gente n\u00e3o quer que as pessoas tenham que esperar em filas, ningu\u00e9m vai marcar [&hellip;]<\/p>\n","protected":false},"author":2,"featured_media":0,"comment_status":"open","ping_status":"open","sticky":false,"template":"","format":"standard","meta":{"_links_to":"","_links_to_target":""},"categories":[1],"tags":[51,11121,20130,1770],"_links":{"self":[{"href":"https:\/\/www.blogdothame.blog.br\/v1\/wp-json\/wp\/v2\/posts\/69334"}],"collection":[{"href":"https:\/\/www.blogdothame.blog.br\/v1\/wp-json\/wp\/v2\/posts"}],"about":[{"href":"https:\/\/www.blogdothame.blog.br\/v1\/wp-json\/wp\/v2\/types\/post"}],"author":[{"embeddable":true,"href":"https:\/\/www.blogdothame.blog.br\/v1\/wp-json\/wp\/v2\/users\/2"}],"replies":[{"embeddable":true,"href":"https:\/\/www.blogdothame.blog.br\/v1\/wp-json\/wp\/v2\/comments?post=69334"}],"version-history":[{"count":1,"href":"https:\/\/www.blogdothame.blog.br\/v1\/wp-json\/wp\/v2\/posts\/69334\/revisions"}],"predecessor-version":[{"id":69335,"href":"https:\/\/www.blogdothame.blog.br\/v1\/wp-json\/wp\/v2\/posts\/69334\/revisions\/69335"}],"wp:attachment":[{"href":"https:\/\/www.blogdothame.blog.br\/v1\/wp-json\/wp\/v2\/media?parent=69334"}],"wp:term":[{"taxonomy":"category","embeddable":true,"href":"https:\/\/www.blogdothame.blog.br\/v1\/wp-json\/wp\/v2\/categories?post=69334"},{"taxonomy":"post_tag","embeddable":true,"href":"https:\/\/www.blogdothame.blog.br\/v1\/wp-json\/wp\/v2\/tags?post=69334"}],"curies":[{"name":"wp","href":"https:\/\/api.w.org\/{rel}","templated":true}]}}