{"id":69253,"date":"2017-11-16T10:10:16","date_gmt":"2017-11-16T13:10:16","guid":{"rendered":"http:\/\/www.blogdothame.blog.br\/v1\/?p=69253"},"modified":"2017-11-16T09:36:25","modified_gmt":"2017-11-16T12:36:25","slug":"pedalada-azul-reune-mil-ciclistas-em-itabuna","status":"publish","type":"post","link":"https:\/\/www.blogdothame.blog.br\/v1\/2017\/11\/16\/pedalada-azul-reune-mil-ciclistas-em-itabuna\/","title":{"rendered":"Pedalada Azul re\u00fane mil ciclistas em  Itabuna"},"content":{"rendered":"<p><img loading=\"lazy\" class=\"aligncenter  wp-image-69257\" src=\"http:\/\/www.blogdothame.blog.br\/v1\/wp-content\/uploads\/2017\/11\/azul-4.jpg\" alt=\"azul 4\" width=\"492\" height=\"294\" srcset=\"https:\/\/www.blogdothame.blog.br\/v1\/wp-content\/uploads\/2017\/11\/azul-4.jpg 1000w, https:\/\/www.blogdothame.blog.br\/v1\/wp-content\/uploads\/2017\/11\/azul-4-300x179.jpg 300w\" sizes=\"(max-width: 492px) 100vw, 492px\" \/><\/p>\n<p>A chuva que vem caindo nos \u00faltimos dias deu uma tr\u00e9gua no feriado de 15 de novembro e as ruas do centro de Itabuna e dos bairros S\u00e3o Caetano e Pontalzinho foram tomados pela cor azul. A Pedalada Azul, evento de mobiliza\u00e7\u00e3o para o Mutir\u00e3o do Diabetes, que ser\u00e1 realizado no pr\u00f3ximo dia 25 de novembro, reuniu cerca de mil ciclistas, \u00a0conciliando atividade f\u00edsica com a\u00e7\u00f5es de preven\u00e7\u00e3o da doen\u00e7a. \u201c\u00c9 importante estar aqui, mostrando que a cidade est\u00e1 unida em torno de uma causa que resulta em qualidade de vida para milhares de pessoas\u201d, disse o bioqu\u00edmico Erick Ettinger. Para Antonio Marques Oliveira, morador do bairro Calif\u00f3rnia, que convive com o diabetes, \u201cessas atividades mostram como \u00e9 importante praticar exerc\u00edcios e levar uma vida saud\u00e1vel\u201d.\u00a0 \u201cVenho todos os anos e fa\u00e7o quest\u00e3o\u00a0 seguir as orienta\u00e7\u00f5es pra prevenir o diabetes\u201d, afirmou a estudante Karina Macedo.<\/p>\n<p><img loading=\"lazy\" class=\"aligncenter size-medium wp-image-69254\" src=\"http:\/\/www.blogdothame.blog.br\/v1\/wp-content\/uploads\/2017\/11\/azul-3-300x199.jpg\" alt=\"azul 3\" width=\"300\" height=\"199\" srcset=\"https:\/\/www.blogdothame.blog.br\/v1\/wp-content\/uploads\/2017\/11\/azul-3-300x199.jpg 300w, https:\/\/www.blogdothame.blog.br\/v1\/wp-content\/uploads\/2017\/11\/azul-3.jpg 900w\" sizes=\"(max-width: 300px) 100vw, 300px\" \/><\/p>\n<p>A\u00a0 Pedalada Azul teve \u00a0o apoio de grupos de ciclismo como\u00a0 Pedal Bom, Ciclo Bike Grapi\u00fana, Amigos das Trilhas, P\u00e9 de Cana e Pedal Livre, e o suporte de um \u00f4nibus da Via\u00e7\u00e3o \u00c1guia Branca, estilizado com a cor azul e o s\u00edmbolo mundial da campanha. Durante todo o trajeto, um mini-trio forneceu orienta\u00e7\u00f5es sobre a preven\u00e7\u00e3o da doen\u00e7a, com distribui\u00e7\u00e3o de material informativo \u00e0 popula\u00e7\u00e3o. A pedalada \u00a0foi encerrada com atividades culturais na Pra\u00e7a Rio Cachoeira.<\/p>\n<p><img loading=\"lazy\" class=\"aligncenter size-medium wp-image-69255\" src=\"http:\/\/www.blogdothame.blog.br\/v1\/wp-content\/uploads\/2017\/11\/azul-6-300x199.jpg\" alt=\"azul 6\" width=\"300\" height=\"199\" srcset=\"https:\/\/www.blogdothame.blog.br\/v1\/wp-content\/uploads\/2017\/11\/azul-6-300x199.jpg 300w, https:\/\/www.blogdothame.blog.br\/v1\/wp-content\/uploads\/2017\/11\/azul-6.jpg 900w\" sizes=\"(max-width: 300px) 100vw, 300px\" \/><\/p>\n<p>O coordenador e idealizador do Mutir\u00e3o do Diabetes, Dr. Rafael Andrade, destacou que \u201co engajamento da comunidade \u00e9 cada vez maior em todas a\u00e7\u00f5es de mobiliza\u00e7\u00e3o.Itabuna est\u00e1 dando um exemplo para todo o Brasil, j\u00e1 que o modelo do mutir\u00e3o est\u00e1 sendo replicado em v\u00e1rias cidades\u201d. \u201cTemos orgulho de ver essa iniciativa consolidada e ampliando cada vez mais o atendimento a portadores de diabetes de toda a regi\u00e3o\u201d, ressaltou.<\/p>\n<p><img loading=\"lazy\" class=\"aligncenter size-medium wp-image-69256\" src=\"http:\/\/www.blogdothame.blog.br\/v1\/wp-content\/uploads\/2017\/11\/azul-1-300x156.jpg\" alt=\"azul 1\" width=\"300\" height=\"156\" srcset=\"https:\/\/www.blogdothame.blog.br\/v1\/wp-content\/uploads\/2017\/11\/azul-1-300x156.jpg 300w, https:\/\/www.blogdothame.blog.br\/v1\/wp-content\/uploads\/2017\/11\/azul-1.jpg 800w\" sizes=\"(max-width: 300px) 100vw, 300px\" \/><\/p>\n<p>O Mutir\u00e3o do Diabetes de Itabuna\u00a0 \u00e9 promovido pelo Hospital de Olhos Beira Rio,\u00a0 Asdita e ONG Unidos pelo Diabetes. (fotos Pedro Augusto)<\/p>\n","protected":false},"excerpt":{"rendered":"<p>A chuva que vem caindo nos \u00faltimos dias deu uma tr\u00e9gua no feriado de 15 de novembro e as ruas do centro de Itabuna e dos bairros S\u00e3o Caetano e Pontalzinho foram tomados pela cor azul. A Pedalada Azul, evento de mobiliza\u00e7\u00e3o para o Mutir\u00e3o do Diabetes, que ser\u00e1 realizado no pr\u00f3ximo dia 25 de [&hellip;]<\/p>\n","protected":false},"author":2,"featured_media":0,"comment_status":"open","ping_status":"open","sticky":false,"template":"","format":"standard","meta":{"_links_to":"","_links_to_target":""},"categories":[1],"tags":[39,20040,10575],"_links":{"self":[{"href":"https:\/\/www.blogdothame.blog.br\/v1\/wp-json\/wp\/v2\/posts\/69253"}],"collection":[{"href":"https:\/\/www.blogdothame.blog.br\/v1\/wp-json\/wp\/v2\/posts"}],"about":[{"href":"https:\/\/www.blogdothame.blog.br\/v1\/wp-json\/wp\/v2\/types\/post"}],"author":[{"embeddable":true,"href":"https:\/\/www.blogdothame.blog.br\/v1\/wp-json\/wp\/v2\/users\/2"}],"replies":[{"embeddable":true,"href":"https:\/\/www.blogdothame.blog.br\/v1\/wp-json\/wp\/v2\/comments?post=69253"}],"version-history":[{"count":1,"href":"https:\/\/www.blogdothame.blog.br\/v1\/wp-json\/wp\/v2\/posts\/69253\/revisions"}],"predecessor-version":[{"id":69258,"href":"https:\/\/www.blogdothame.blog.br\/v1\/wp-json\/wp\/v2\/posts\/69253\/revisions\/69258"}],"wp:attachment":[{"href":"https:\/\/www.blogdothame.blog.br\/v1\/wp-json\/wp\/v2\/media?parent=69253"}],"wp:term":[{"taxonomy":"category","embeddable":true,"href":"https:\/\/www.blogdothame.blog.br\/v1\/wp-json\/wp\/v2\/categories?post=69253"},{"taxonomy":"post_tag","embeddable":true,"href":"https:\/\/www.blogdothame.blog.br\/v1\/wp-json\/wp\/v2\/tags?post=69253"}],"curies":[{"name":"wp","href":"https:\/\/api.w.org\/{rel}","templated":true}]}}