{"id":68842,"date":"2017-11-06T09:26:03","date_gmt":"2017-11-06T12:26:03","guid":{"rendered":"http:\/\/www.blogdothame.blog.br\/v1\/?p=68842"},"modified":"2017-11-06T09:31:55","modified_gmt":"2017-11-06T12:31:55","slug":"barcos-partem-da-franca-para-a-bahia-na-maior-regata-transatlantica-do-mundo","status":"publish","type":"post","link":"https:\/\/www.blogdothame.blog.br\/v1\/2017\/11\/06\/barcos-partem-da-franca-para-a-bahia-na-maior-regata-transatlantica-do-mundo\/","title":{"rendered":"Barcos partem da Fran\u00e7a para a Bahia na maior regata transatl\u00e2ntica do mundo"},"content":{"rendered":"<p><img loading=\"lazy\" class=\"aligncenter  wp-image-68843\" src=\"http:\/\/www.blogdothame.blog.br\/v1\/wp-content\/uploads\/2017\/11\/regata.jpg\" alt=\"regata\" width=\"476\" height=\"317\" srcset=\"https:\/\/www.blogdothame.blog.br\/v1\/wp-content\/uploads\/2017\/11\/regata.jpg 1600w, https:\/\/www.blogdothame.blog.br\/v1\/wp-content\/uploads\/2017\/11\/regata-300x200.jpg 300w, https:\/\/www.blogdothame.blog.br\/v1\/wp-content\/uploads\/2017\/11\/regata-1024x682.jpg 1024w\" sizes=\"(max-width: 476px) 100vw, 476px\" \/><\/p>\n<p>Os barcos que competem na 13\u00aa edi\u00e7\u00e3o da Regata Jacques Vabre partiram neste domingo (5), \u00e0s 13h30 (9h30 na Bahia), da cidade de Le Havre, na Fran\u00e7a, em dire\u00e7\u00e3o a Salvador, que volta a ser o ponto de chegada da prova depois de 10 anos. Entre os velejadores est\u00e3o o baiano Leonardo Chicourel e o angolano Jos\u00e9 Guilherme Caldas, que representam o Brasil competindo em dupla na categoria Class 40. A expectativa \u00e9 que os veleiros comecem a chegar ao destino final a partir de 12 de novembro, depois de percorrer 4.350 milhas n\u00e1uticas (8.056 quil\u00f4metros). A regata tem apoio da Secretaria do Turismo da Bahia (Setur).<\/p>\n<p>Em Le Havre para acompanhar a sa\u00edda dos barcos, o secret\u00e1rio do Turismo, Jos\u00e9 Alves, destacou que a maior regata transatl\u00e2ntica do mundo \u00e9 uma vitrine para dar visibilidade aos destinos tur\u00edsticos da Bahia. \u201cDurante os dias que antecederam o in\u00edcio da prova, procuramos divulgar bastante as nossas 13 zonas tur\u00edsticas nos estandes da Vila da Regata. E a Bahia ficar\u00e1 em evid\u00eancia mais ainda quando os barcos come\u00e7arem a chegar a Salvador, porque cerca de 70 jornalistas estrangeiros estar\u00e3o noticiando o final da competi\u00e7\u00e3o\u201d, afirmou Jos\u00e9 Alves.<\/p>\n<p>O presidente da Fran\u00e7a, Emmanuel Macron, esteve em Le Havre, na noite deste s\u00e1bado (4), e aproveitou a visita para conhecer a Vila da Regata, instalada na Bacia de Paul Vatine. O presidente desejou sorte aos atletas da Transat Jacques Vabre. &#8221;Boa sorte. Eu realmente admiro voc\u00eas&#8221;, emendou o l\u00edder franc\u00eas.<\/p>\n<p>A Ba\u00eda de Todos-os-Santos, ponto de chegada dos participantes da Regata Jacques Vabre, est\u00e1 no Programa Nacional de Desenvolvimento do Turismo (Prodetur), executado pela Setur. A meta \u00e9 fomentar o turismo n\u00e1utico e cultural em 18 munic\u00edpios de seu entorno. T\u00e9cnicos da Setur atuam na consolida\u00e7\u00e3o dos roteiros n\u00e1uticos da regi\u00e3o, etapa que antecede projetos executivos e licita\u00e7\u00f5es.<\/p>\n","protected":false},"excerpt":{"rendered":"<p>Os barcos que competem na 13\u00aa edi\u00e7\u00e3o da Regata Jacques Vabre partiram neste domingo (5), \u00e0s 13h30 (9h30 na Bahia), da cidade de Le Havre, na Fran\u00e7a, em dire\u00e7\u00e3o a Salvador, que volta a ser o ponto de chegada da prova depois de 10 anos. Entre os velejadores est\u00e3o o baiano Leonardo Chicourel e o [&hellip;]<\/p>\n","protected":false},"author":2,"featured_media":0,"comment_status":"open","ping_status":"open","sticky":false,"template":"","format":"standard","meta":{"_links_to":"","_links_to_target":""},"categories":[1],"tags":[51,1487,20038],"_links":{"self":[{"href":"https:\/\/www.blogdothame.blog.br\/v1\/wp-json\/wp\/v2\/posts\/68842"}],"collection":[{"href":"https:\/\/www.blogdothame.blog.br\/v1\/wp-json\/wp\/v2\/posts"}],"about":[{"href":"https:\/\/www.blogdothame.blog.br\/v1\/wp-json\/wp\/v2\/types\/post"}],"author":[{"embeddable":true,"href":"https:\/\/www.blogdothame.blog.br\/v1\/wp-json\/wp\/v2\/users\/2"}],"replies":[{"embeddable":true,"href":"https:\/\/www.blogdothame.blog.br\/v1\/wp-json\/wp\/v2\/comments?post=68842"}],"version-history":[{"count":1,"href":"https:\/\/www.blogdothame.blog.br\/v1\/wp-json\/wp\/v2\/posts\/68842\/revisions"}],"predecessor-version":[{"id":68844,"href":"https:\/\/www.blogdothame.blog.br\/v1\/wp-json\/wp\/v2\/posts\/68842\/revisions\/68844"}],"wp:attachment":[{"href":"https:\/\/www.blogdothame.blog.br\/v1\/wp-json\/wp\/v2\/media?parent=68842"}],"wp:term":[{"taxonomy":"category","embeddable":true,"href":"https:\/\/www.blogdothame.blog.br\/v1\/wp-json\/wp\/v2\/categories?post=68842"},{"taxonomy":"post_tag","embeddable":true,"href":"https:\/\/www.blogdothame.blog.br\/v1\/wp-json\/wp\/v2\/tags?post=68842"}],"curies":[{"name":"wp","href":"https:\/\/api.w.org\/{rel}","templated":true}]}}