{"id":68803,"date":"2017-11-03T07:30:18","date_gmt":"2017-11-03T10:30:18","guid":{"rendered":"http:\/\/www.blogdothame.blog.br\/v1\/?p=68803"},"modified":"2017-11-03T10:54:43","modified_gmt":"2017-11-03T13:54:43","slug":"sebrae-promove-capacitacoes-gratuitas-em-itabuna-e-ilheus","status":"publish","type":"post","link":"https:\/\/www.blogdothame.blog.br\/v1\/2017\/11\/03\/sebrae-promove-capacitacoes-gratuitas-em-itabuna-e-ilheus\/","title":{"rendered":"Sebrae promove capacita\u00e7\u00f5es gratuitas em Itabuna e Ilh\u00e9us"},"content":{"rendered":"<p><img loading=\"lazy\" class=\"alignleft size-medium wp-image-68804\" src=\"http:\/\/www.blogdothame.blog.br\/v1\/wp-content\/uploads\/2017\/11\/Michel-Lima-Cr\u00e9dito-da-Foto-Maur\u00edcio-MaronASN-Bahia-300x169.jpg\" alt=\"Michel Lima Cr\u00e9dito da Foto Maur\u00edcio MaronASN Bahia\" width=\"300\" height=\"169\" srcset=\"https:\/\/www.blogdothame.blog.br\/v1\/wp-content\/uploads\/2017\/11\/Michel-Lima-Cr\u00e9dito-da-Foto-Maur\u00edcio-MaronASN-Bahia-300x169.jpg 300w, https:\/\/www.blogdothame.blog.br\/v1\/wp-content\/uploads\/2017\/11\/Michel-Lima-Cr\u00e9dito-da-Foto-Maur\u00edcio-MaronASN-Bahia.jpg 1000w\" sizes=\"(max-width: 300px) 100vw, 300px\" \/>Em comemora\u00e7\u00e3o \u00e0 Semana Global do Empreendedorismo 2017, que acontece na pr\u00f3xima semana em todo o estado da Bahia, o Sebrae promove oficinas e capacita\u00e7\u00f5es gratuitas nos dias 7, 8 e 10 de novembro. As inscri\u00e7\u00f5es j\u00e1 est\u00e3o dispon\u00edveis na loja virtual do Sebrae Bahia, ou pelos telefones\u00a0(73) 3613-9734, em Itabuna,\u00a0(73) 3634-4068, em Ilh\u00e9us, ou ainda pela Central de Relacionamento Sebrae, pelo\u00a00800 570 0800.<\/p>\n<p>O movimento mundial acontece oficialmente em todo o Brasil na terceira semana de novembro, com o objetivo de desenvolver diversas a\u00e7\u00f5es voltadas ao empreendedorismo. O aumento no n\u00famero de pessoas em busca do pr\u00f3prio neg\u00f3cio, em fun\u00e7\u00e3o do desemprego, tem elevado a preocupa\u00e7\u00e3o sobre a prepara\u00e7\u00e3o desses empreendedores na condu\u00e7\u00e3o dos empreendimentos.<\/p>\n<p>\u201cPor isso, o objetivo dessas atividades visa chamar a aten\u00e7\u00e3o dessas pessoas sobre o processo necess\u00e1rio de prepara\u00e7\u00e3o para empreender em qualquer neg\u00f3cio. Por um lado, a ideia \u00e9 reduzir o \u00edndice de mortalidade das empresas e, por outro, incentivar o empreendedorismo mais respons\u00e1vel\u201d, destacou o gerente adjunto do Sebrae em Ilh\u00e9us, Michel Lima.<\/p>\n<p><!--more--><\/p>\n<p>Programa\u00e7\u00e3o<\/p>\n<p>Em Itabuna, a semana inicia com a Oficina Sei Controlar Meu Dinheiro, na ter\u00e7a-feira, 7, das 18h \u00e0s 22h, na sala de Treinamento Sebrae Itabuna, na\u00a0Rua Paulino Vieira, 175, Centro. Com uma carga hor\u00e1ria de quatro horas, os microempreendedores individuais ter\u00e3o acesso a conte\u00fados sobre controle de caixa, contas a receber, contas a pagar e caixa futuro.<\/p>\n<p>No dia seguinte, 8, no mesmo local e hor\u00e1rio, est\u00e1 prevista a Oficina Pratique \u2013 Abordagem de Vendas, para empres\u00e1rios de micro e pequenas empresas. A carga hor\u00e1ria \u00e9 de quatro horas, com as seguintes atividades: Oferta do Dia; Estudando o Produto ou Servi\u00e7o; Estudando o Consumidor e Simulando o atendimento de vendas.<\/p>\n<p>A semana de atividades encerra no dia 10, em Itabuna, com a oficina Sexta da Oportunidade \u2013 Como Planejar o seu Neg\u00f3cio, com carga hor\u00e1ria de quatro horas, das 13h \u00e0s 17h. A programa\u00e7\u00e3o desse dia \u00e9 voltada para aqueles que desejam montar o seu pr\u00f3prio neg\u00f3cio.<\/p>\n<p>Em Ilh\u00e9us, no mesmo dia, acontece a cl\u00ednica tecnol\u00f3gica T\u00e9cnicas de Vitrinismo \u2013 Como Tornar a Vitrine de sua Loja Mais Atraente, na quarta-feira, 8, das 18h \u00e0s 22h, na sala de treinamentos do Sebrae Ilh\u00e9us, na Pra\u00e7a Jos\u00e9 Marcelino, 100, Centro. O p\u00fablico-alvo \u00e9 composto por microempresas.<\/p>\n<p>Ainda no dia 10, \u00e9 realizada, no mesmo local, a oficina Sexta da Oportunidade em Modelagem de Neg\u00f3cios \u2013 Canvas. O encontro \u00fanico de quatro horas ter\u00e1 apresenta\u00e7\u00e3o expositiva e pr\u00e1tica da ferramenta de modelagem de neg\u00f3cios Canvas, de forma que o participante possa sair da oficina com uma modelagem do seu empreendimento.<\/p>\n<p>Ser\u00e3o abordados os seguintes conte\u00fados: segmenta\u00e7\u00e3o de clientes; proposta de valor; canais de comercializa\u00e7\u00e3o e comunica\u00e7\u00e3o; relacionamento com cliente; fontes de receita; recursos principais; atividades principais; parcerias-chave e custos principais.<\/p>\n","protected":false},"excerpt":{"rendered":"<p>Em comemora\u00e7\u00e3o \u00e0 Semana Global do Empreendedorismo 2017, que acontece na pr\u00f3xima semana em todo o estado da Bahia, o Sebrae promove oficinas e capacita\u00e7\u00f5es gratuitas nos dias 7, 8 e 10 de novembro. As inscri\u00e7\u00f5es j\u00e1 est\u00e3o dispon\u00edveis na loja virtual do Sebrae Bahia, ou pelos telefones\u00a0(73) 3613-9734, em Itabuna,\u00a0(73) 3634-4068, em Ilh\u00e9us, ou [&hellip;]<\/p>\n","protected":false},"author":2,"featured_media":0,"comment_status":"open","ping_status":"open","sticky":false,"template":"","format":"standard","meta":{"_links_to":"","_links_to_target":""},"categories":[1],"tags":[218,39,1549,20033],"_links":{"self":[{"href":"https:\/\/www.blogdothame.blog.br\/v1\/wp-json\/wp\/v2\/posts\/68803"}],"collection":[{"href":"https:\/\/www.blogdothame.blog.br\/v1\/wp-json\/wp\/v2\/posts"}],"about":[{"href":"https:\/\/www.blogdothame.blog.br\/v1\/wp-json\/wp\/v2\/types\/post"}],"author":[{"embeddable":true,"href":"https:\/\/www.blogdothame.blog.br\/v1\/wp-json\/wp\/v2\/users\/2"}],"replies":[{"embeddable":true,"href":"https:\/\/www.blogdothame.blog.br\/v1\/wp-json\/wp\/v2\/comments?post=68803"}],"version-history":[{"count":1,"href":"https:\/\/www.blogdothame.blog.br\/v1\/wp-json\/wp\/v2\/posts\/68803\/revisions"}],"predecessor-version":[{"id":68805,"href":"https:\/\/www.blogdothame.blog.br\/v1\/wp-json\/wp\/v2\/posts\/68803\/revisions\/68805"}],"wp:attachment":[{"href":"https:\/\/www.blogdothame.blog.br\/v1\/wp-json\/wp\/v2\/media?parent=68803"}],"wp:term":[{"taxonomy":"category","embeddable":true,"href":"https:\/\/www.blogdothame.blog.br\/v1\/wp-json\/wp\/v2\/categories?post=68803"},{"taxonomy":"post_tag","embeddable":true,"href":"https:\/\/www.blogdothame.blog.br\/v1\/wp-json\/wp\/v2\/tags?post=68803"}],"curies":[{"name":"wp","href":"https:\/\/api.w.org\/{rel}","templated":true}]}}