{"id":68730,"date":"2017-11-01T08:34:50","date_gmt":"2017-11-01T11:34:50","guid":{"rendered":"http:\/\/www.blogdothame.blog.br\/v1\/?p=68730"},"modified":"2017-11-01T08:37:21","modified_gmt":"2017-11-01T11:37:21","slug":"rui-visita-policlinica-e-inicia-negociacao-para-firmar-convenio-com-faculdade-de-medicina-cubana","status":"publish","type":"post","link":"https:\/\/www.blogdothame.blog.br\/v1\/2017\/11\/01\/rui-visita-policlinica-e-inicia-negociacao-para-firmar-convenio-com-faculdade-de-medicina-cubana\/","title":{"rendered":"Rui visita policl\u00ednica e inicia negocia\u00e7\u00e3o para firmar conv\u00eanio com faculdade de medicina cubana"},"content":{"rendered":"<p><img loading=\"lazy\" class=\"aligncenter  wp-image-68732\" src=\"http:\/\/www.blogdothame.blog.br\/v1\/wp-content\/uploads\/2017\/11\/policuba-3.jpeg\" alt=\"policuba 3\" width=\"383\" height=\"255\" srcset=\"https:\/\/www.blogdothame.blog.br\/v1\/wp-content\/uploads\/2017\/11\/policuba-3.jpeg 511w, https:\/\/www.blogdothame.blog.br\/v1\/wp-content\/uploads\/2017\/11\/policuba-3-300x200.jpeg 300w\" sizes=\"(max-width: 383px) 100vw, 383px\" \/><\/p>\n<p>A pouco mais de 15 dias da inaugura\u00e7\u00e3o da primeira policl\u00ednica do Estado, em Teixeira de Freitas, o governador Rui Costa conheceu uma das 449 policl\u00ednicas cubanas, na tarde desta ter\u00e7a-feira (31), em Havana. Neste segundo dia de agenda oficial em Cuba, Rui esteve ao lado do secret\u00e1rio da Sa\u00fade do Estado, F\u00e1bio Vilas-Boas, e dos reitores da Universidade do Estado da Bahia (Uneb), Jos\u00e9 Bites de Carvalho; da Universidade Estadual de Santa Cruz (Uesc), Ad\u00e9lia Maria Pinheiro; e da Universidade Estadual de Feira de Santana (Uefs), Evandro Silva.<\/p>\n<p><img loading=\"lazy\" class=\"alignright  wp-image-68731\" src=\"http:\/\/www.blogdothame.blog.br\/v1\/wp-content\/uploads\/2017\/11\/policuba-1.jpeg\" alt=\"policuba 1\" width=\"391\" height=\"260\" srcset=\"https:\/\/www.blogdothame.blog.br\/v1\/wp-content\/uploads\/2017\/11\/policuba-1.jpeg 511w, https:\/\/www.blogdothame.blog.br\/v1\/wp-content\/uploads\/2017\/11\/policuba-1-300x200.jpeg 300w\" sizes=\"(max-width: 391px) 100vw, 391px\" \/>Para o secret\u00e1rio Fabio Vilas-Boas, o sistema de sa\u00fade de Cuba tem capacidade de ofertar sa\u00fade de forma universal para toda a popula\u00e7\u00e3o. \u201cPudemos interagir com especialistas que possuem um dos maiores centros de diabetes do mundo, que conseguem reduzir as sequelas dos pacientes a n\u00fameros que n\u00e3o existem em nenhum outro lugar do mundo\u201d, afirmou o secret\u00e1rio.<\/p>\n<p>Antes da ida \u00e0 policl\u00ednica, no &#8220;Dia dedicado \u00e0 sa\u00fade&#8221;, como registrou em sua p\u00e1gina oficial no Facebook, Rui tamb\u00e9m se reuniu com o reitor da Faculdade de Medicina de Havana para discutir os meios para que as universidades baianas recebam professores cubanos especializados nas \u00e1reas em que h\u00e1 car\u00eancia. \u201cTamb\u00e9m queremos profissionais baianos vindo pra Cuba e levando para a Bahia mais aprendizado e conhecimento&#8221;, acrescentou o governador.<\/p>\n<p>Em seguida, o grupo foi ao Centro Nacional de Refer\u00eancia de Educa\u00e7\u00e3o e Atendimento ao Diab\u00e9tico. Nesta quarta-feira (1\u00ba), Rui se re\u00fane com o presidente da Biocubafarma, Eduardo Martinez D\u00edaz, para avan\u00e7ar nas negocia\u00e7\u00f5es com a empresa Cubana. O presidente da Bahiafarma, Ronaldo Dias, tamb\u00e9m participar\u00e1 do encontro. (fotos Diego Mascarelhas\/GOVBA)<\/p>\n<p>&nbsp;<\/p>\n<p>&nbsp;<\/p>\n","protected":false},"excerpt":{"rendered":"<p>A pouco mais de 15 dias da inaugura\u00e7\u00e3o da primeira policl\u00ednica do Estado, em Teixeira de Freitas, o governador Rui Costa conheceu uma das 449 policl\u00ednicas cubanas, na tarde desta ter\u00e7a-feira (31), em Havana. Neste segundo dia de agenda oficial em Cuba, Rui esteve ao lado do secret\u00e1rio da Sa\u00fade do Estado, F\u00e1bio Vilas-Boas, e [&hellip;]<\/p>\n","protected":false},"author":2,"featured_media":0,"comment_status":"open","ping_status":"open","sticky":false,"template":"","format":"standard","meta":{"_links_to":"","_links_to_target":""},"categories":[1],"tags":[30,20019,615,927],"_links":{"self":[{"href":"https:\/\/www.blogdothame.blog.br\/v1\/wp-json\/wp\/v2\/posts\/68730"}],"collection":[{"href":"https:\/\/www.blogdothame.blog.br\/v1\/wp-json\/wp\/v2\/posts"}],"about":[{"href":"https:\/\/www.blogdothame.blog.br\/v1\/wp-json\/wp\/v2\/types\/post"}],"author":[{"embeddable":true,"href":"https:\/\/www.blogdothame.blog.br\/v1\/wp-json\/wp\/v2\/users\/2"}],"replies":[{"embeddable":true,"href":"https:\/\/www.blogdothame.blog.br\/v1\/wp-json\/wp\/v2\/comments?post=68730"}],"version-history":[{"count":2,"href":"https:\/\/www.blogdothame.blog.br\/v1\/wp-json\/wp\/v2\/posts\/68730\/revisions"}],"predecessor-version":[{"id":68734,"href":"https:\/\/www.blogdothame.blog.br\/v1\/wp-json\/wp\/v2\/posts\/68730\/revisions\/68734"}],"wp:attachment":[{"href":"https:\/\/www.blogdothame.blog.br\/v1\/wp-json\/wp\/v2\/media?parent=68730"}],"wp:term":[{"taxonomy":"category","embeddable":true,"href":"https:\/\/www.blogdothame.blog.br\/v1\/wp-json\/wp\/v2\/categories?post=68730"},{"taxonomy":"post_tag","embeddable":true,"href":"https:\/\/www.blogdothame.blog.br\/v1\/wp-json\/wp\/v2\/tags?post=68730"}],"curies":[{"name":"wp","href":"https:\/\/api.w.org\/{rel}","templated":true}]}}