{"id":6866,"date":"2012-02-10T09:37:31","date_gmt":"2012-02-10T12:37:31","guid":{"rendered":"http:\/\/www.blogdothame.blog.br\/v1\/?p=6866"},"modified":"2012-02-10T09:37:52","modified_gmt":"2012-02-10T12:37:52","slug":"rio-de-contas-podera-ter-cultivo-de-uvas-frutas-temperadas-e-oliveiras","status":"publish","type":"post","link":"https:\/\/www.blogdothame.blog.br\/v1\/2012\/02\/10\/rio-de-contas-podera-ter-cultivo-de-uvas-frutas-temperadas-e-oliveiras\/","title":{"rendered":"Rio de Contas poder\u00e1 ter cultivo de uvas, frutas temperadas e oliveiras"},"content":{"rendered":"<p><a href=\"http:\/\/www.blogdothame.blog.br\/v1\/wp-content\/uploads\/seagri-rio-de-contas.jpg\"><img loading=\"lazy\" class=\"alignright size-medium wp-image-6867\" title=\"seagri rio de contas\" src=\"http:\/\/www.blogdothame.blog.br\/v1\/wp-content\/uploads\/seagri-rio-de-contas-300x200.jpg\" alt=\"\" width=\"300\" height=\"200\" srcset=\"https:\/\/www.blogdothame.blog.br\/v1\/wp-content\/uploads\/seagri-rio-de-contas-300x200.jpg 300w, https:\/\/www.blogdothame.blog.br\/v1\/wp-content\/uploads\/seagri-rio-de-contas.jpg 400w\" sizes=\"(max-width: 300px) 100vw, 300px\" \/><\/a><\/p>\n<p>O secret\u00e1rio Estadual da Agricultura, engenheiro agr\u00f4nomo Eduardo Salles, recebeu, em seu gabinete, a vereadora de Rio de Contas, Madalena Mafra, que veio pleitear uma \u00e1rea experimental no distrito de Fazendola para planta\u00e7\u00e3o de uvas. Segundo Salles, a \u00e1rea solicitada j\u00e1 est\u00e1 nos planos da Seagri, e tamb\u00e9m contemplar\u00e1 frutas temperadas e oliveiras.<\/p>\n<p>\u00a0O experimento j\u00e1 est\u00e1 sendo realizado em Morro do Chap\u00e9u e Mucug\u00ea, em parceria com a Embrapa, Empresa Baiana de Desenvolvimento Agr\u00edcola (EBDA) e associa\u00e7\u00f5es locais, visando no futuro a produ\u00e7\u00e3o de vinhos de alta qualidade.<\/p>\n","protected":false},"excerpt":{"rendered":"<p>O secret\u00e1rio Estadual da Agricultura, engenheiro agr\u00f4nomo Eduardo Salles, recebeu, em seu gabinete, a vereadora de Rio de Contas, Madalena Mafra, que veio pleitear uma \u00e1rea experimental no distrito de Fazendola para planta\u00e7\u00e3o de uvas. Segundo Salles, a \u00e1rea solicitada j\u00e1 est\u00e1 nos planos da Seagri, e tamb\u00e9m contemplar\u00e1 frutas temperadas e oliveiras. \u00a0O experimento [&hellip;]<\/p>\n","protected":false},"author":2,"featured_media":0,"comment_status":"open","ping_status":"open","sticky":false,"template":"","format":"standard","meta":{"_links_to":"","_links_to_target":""},"categories":[1],"tags":[93,16,1976,138],"_links":{"self":[{"href":"https:\/\/www.blogdothame.blog.br\/v1\/wp-json\/wp\/v2\/posts\/6866"}],"collection":[{"href":"https:\/\/www.blogdothame.blog.br\/v1\/wp-json\/wp\/v2\/posts"}],"about":[{"href":"https:\/\/www.blogdothame.blog.br\/v1\/wp-json\/wp\/v2\/types\/post"}],"author":[{"embeddable":true,"href":"https:\/\/www.blogdothame.blog.br\/v1\/wp-json\/wp\/v2\/users\/2"}],"replies":[{"embeddable":true,"href":"https:\/\/www.blogdothame.blog.br\/v1\/wp-json\/wp\/v2\/comments?post=6866"}],"version-history":[{"count":3,"href":"https:\/\/www.blogdothame.blog.br\/v1\/wp-json\/wp\/v2\/posts\/6866\/revisions"}],"predecessor-version":[{"id":6869,"href":"https:\/\/www.blogdothame.blog.br\/v1\/wp-json\/wp\/v2\/posts\/6866\/revisions\/6869"}],"wp:attachment":[{"href":"https:\/\/www.blogdothame.blog.br\/v1\/wp-json\/wp\/v2\/media?parent=6866"}],"wp:term":[{"taxonomy":"category","embeddable":true,"href":"https:\/\/www.blogdothame.blog.br\/v1\/wp-json\/wp\/v2\/categories?post=6866"},{"taxonomy":"post_tag","embeddable":true,"href":"https:\/\/www.blogdothame.blog.br\/v1\/wp-json\/wp\/v2\/tags?post=6866"}],"curies":[{"name":"wp","href":"https:\/\/api.w.org\/{rel}","templated":true}]}}