{"id":68511,"date":"2017-10-25T16:00:17","date_gmt":"2017-10-25T19:00:17","guid":{"rendered":"http:\/\/www.blogdothame.blog.br\/v1\/?p=68511"},"modified":"2017-10-25T14:40:48","modified_gmt":"2017-10-25T17:40:48","slug":"governo-do-estado-concede-acrescimo-de-20-na-gratificacao-dos-diretores-escolares","status":"publish","type":"post","link":"https:\/\/www.blogdothame.blog.br\/v1\/2017\/10\/25\/governo-do-estado-concede-acrescimo-de-20-na-gratificacao-dos-diretores-escolares\/","title":{"rendered":"Governo do Estado concede acr\u00e9scimo de 20% na gratifica\u00e7\u00e3o dos diretores escolares"},"content":{"rendered":"<p><img loading=\"lazy\" class=\"alignright size-medium wp-image-68512\" src=\"http:\/\/www.blogdothame.blog.br\/v1\/wp-content\/uploads\/2017\/10\/Diretora-Benedita-300x200.jpg\" alt=\"Diretora Benedita\" width=\"300\" height=\"200\" srcset=\"https:\/\/www.blogdothame.blog.br\/v1\/wp-content\/uploads\/2017\/10\/Diretora-Benedita-300x200.jpg 300w, https:\/\/www.blogdothame.blog.br\/v1\/wp-content\/uploads\/2017\/10\/Diretora-Benedita.jpg 1000w\" sizes=\"(max-width: 300px) 100vw, 300px\" \/>O Governo do Estado concedeu um acr\u00e9scimo de 20% na gratifica\u00e7\u00e3o por Condi\u00e7\u00e3o Especial de Trabalho (CET) para os diretores escolares da rede estadual de ensino. O acr\u00e9scimo ser\u00e1 concedido a partir da folha do m\u00eas de outubro. O impacto na folha estadual \u00e9 de R$ 8,8 milh\u00f5es ao ano.<\/p>\n<p>Para o secret\u00e1rio da Educa\u00e7\u00e3o do Estado, Walter Pinheiro, esta \u00e9 mais uma a\u00e7\u00e3o adotada pelo governador Rui Costa para reconhecer e valorizar a carreira do magist\u00e9rio estadual. \u201c\u00c9 mais um est\u00edmulo para os nossos diretores, pois sair\u00e3o de um percentual de 50% que eles recebiam e passar\u00e3o a receber 70% sob o s\u00edmbolo do cargo tempor\u00e1rio. \u00c9 mais um esfor\u00e7o do Governo do Estado, mesmo em um momento de crise com este na conjuntura nacional, para reconhecer o papel fundamental que os nossos diretores exercem no dia a dia das nossas escolas\u201d, afirma.<\/p>\n<p>Os diretores das unidades escolares comemoram a conquista e dizem que este \u00e9 um pleito antigo da categoria. A diretora do Complexo Integrado de Educa\u00e7\u00e3o de Itabuna, Benedita Queiroz da Silva (foto), \u00e9 uma das gestoras que comemoram a gratifica\u00e7\u00e3o. \u201cEste acr\u00e9scimo vai al\u00e9m da quest\u00e3o financeira, porque estamos h\u00e1 dez anos lutando por este direito. Esta iniciativa da Secretaria \u00e9 a sinaliza\u00e7\u00e3o da valoriza\u00e7\u00e3o do nosso trabalho realizado com muita responsabilidade\u201d, destaca.<\/p>\n<p>&nbsp;<\/p>\n<p>&nbsp;<\/p>\n","protected":false},"excerpt":{"rendered":"<p>O Governo do Estado concedeu um acr\u00e9scimo de 20% na gratifica\u00e7\u00e3o por Condi\u00e7\u00e3o Especial de Trabalho (CET) para os diretores escolares da rede estadual de ensino. O acr\u00e9scimo ser\u00e1 concedido a partir da folha do m\u00eas de outubro. O impacto na folha estadual \u00e9 de R$ 8,8 milh\u00f5es ao ano. Para o secret\u00e1rio da Educa\u00e7\u00e3o [&hellip;]<\/p>\n","protected":false},"author":2,"featured_media":0,"comment_status":"open","ping_status":"open","sticky":false,"template":"","format":"standard","meta":{"_links_to":"","_links_to_target":""},"categories":[1],"tags":[19981,19982,16,19983],"_links":{"self":[{"href":"https:\/\/www.blogdothame.blog.br\/v1\/wp-json\/wp\/v2\/posts\/68511"}],"collection":[{"href":"https:\/\/www.blogdothame.blog.br\/v1\/wp-json\/wp\/v2\/posts"}],"about":[{"href":"https:\/\/www.blogdothame.blog.br\/v1\/wp-json\/wp\/v2\/types\/post"}],"author":[{"embeddable":true,"href":"https:\/\/www.blogdothame.blog.br\/v1\/wp-json\/wp\/v2\/users\/2"}],"replies":[{"embeddable":true,"href":"https:\/\/www.blogdothame.blog.br\/v1\/wp-json\/wp\/v2\/comments?post=68511"}],"version-history":[{"count":1,"href":"https:\/\/www.blogdothame.blog.br\/v1\/wp-json\/wp\/v2\/posts\/68511\/revisions"}],"predecessor-version":[{"id":68513,"href":"https:\/\/www.blogdothame.blog.br\/v1\/wp-json\/wp\/v2\/posts\/68511\/revisions\/68513"}],"wp:attachment":[{"href":"https:\/\/www.blogdothame.blog.br\/v1\/wp-json\/wp\/v2\/media?parent=68511"}],"wp:term":[{"taxonomy":"category","embeddable":true,"href":"https:\/\/www.blogdothame.blog.br\/v1\/wp-json\/wp\/v2\/categories?post=68511"},{"taxonomy":"post_tag","embeddable":true,"href":"https:\/\/www.blogdothame.blog.br\/v1\/wp-json\/wp\/v2\/tags?post=68511"}],"curies":[{"name":"wp","href":"https:\/\/api.w.org\/{rel}","templated":true}]}}