{"id":68447,"date":"2017-10-14T09:17:36","date_gmt":"2017-10-14T12:17:36","guid":{"rendered":"http:\/\/www.blogdothame.blog.br\/v1\/?p=68447"},"modified":"2017-10-23T11:20:29","modified_gmt":"2017-10-23T14:20:29","slug":"estudantes-da-rede-estadual-participam-da-prova-brasil","status":"publish","type":"post","link":"https:\/\/www.blogdothame.blog.br\/v1\/2017\/10\/14\/estudantes-da-rede-estadual-participam-da-prova-brasil\/","title":{"rendered":"Estudantes da rede estadual participam da Prova Brasil"},"content":{"rendered":"<p>As provas nacionais de L\u00edngua Portuguesa e Matem\u00e1tica do Sistema de Avalia\u00e7\u00e3o da Educa\u00e7\u00e3o B\u00e1sica (SAEB)\/ Prova Brasil 2017 come\u00e7aram a ser aplicadas, nesta segunda-feira (23), em todo o pa\u00eds nas escolas p\u00fablicas e particulares. Na rede estadual de ensino, a Prova Brasil inclui estudantes do 5\u00ba e 9\u00ba anos do Ensino Fundamental, da 3\u00aa \u00a0s\u00e9rie do Ensino M\u00e9dio e da 4\u00aa s\u00e9rie da Educa\u00e7\u00e3o Profissional, contemplando as escolas p\u00fablicas das zonas urbanas e rurais.<\/p>\n<p>Cada escola tem uma data espec\u00edfica de aplica\u00e7\u00e3o, at\u00e9 o dia 3 de novembro, que foi agendada diretamente pela empresa respons\u00e1vel pela aplica\u00e7\u00e3o com os gestores escolares. Todos os estudantes matriculados nas s\u00e9ries correspondentes devem fazer a prova, cujos resultados servir\u00e3o de base para o replanejamento de a\u00e7\u00f5es pedag\u00f3gicas, visando a melhoria dos processos de ensino e de aprendizagens.<\/p>\n<p>Para a aplica\u00e7\u00e3o das provas, as escolas est\u00e3o seguindo orienta\u00e7\u00f5es encaminhadas pelo INEP\/MEC. Uma destas orienta\u00e7\u00f5es diz respeito ao acesso \u00e0s depend\u00eancias das unidades escolares, que fica restrito aos estudantes, professores, gestores, funcion\u00e1rios e \u00e0 equipe respons\u00e1vel pela aplica\u00e7\u00e3o. \u201cO INEP nos informou que esta \u00e9 uma medida de seguran\u00e7a para garantir o sigilo das provas e o n\u00e3o vazamento de informa\u00e7\u00f5es, tendo em vista que o per\u00edodo de aplica\u00e7\u00e3o chega a nove dias \u00fateis\u201d, informou a superintendente de Gest\u00e3o da Informa\u00e7\u00e3o da Secretaria da Educa\u00e7\u00e3o do Estado da Bahia, Cristiane Ferreira.<\/p>\n<p>Cristiane acrescenta que as orienta\u00e7\u00f5es definem at\u00e9 como deve ser a perman\u00eancia do professor em sala de aula. \u201cSe o professor quiser acompanhar a aplica\u00e7\u00e3o, ele deve assinar um termo de sigilo, compromisso e confidencialidade, al\u00e9m de ser proibido o uso de objetos eletr\u00f4nicos\u201d, ressaltou. Apesar deste rigor na aplica\u00e7\u00e3o, a superintendente chama a aten\u00e7\u00e3o para a import\u00e2ncia da realiza\u00e7\u00e3o da prova. \u201cEste \u00e9 um diagn\u00f3stico importante para a rede, mas n\u00e3o vai aprovar ou reprovar nenhum estudante. Por isto, \u00e9 fundamental que o estudante participe e que a escola mantenha um clima de engajamento para refletir a sua realidade\u201d.<\/p>\n","protected":false},"excerpt":{"rendered":"<p>As provas nacionais de L\u00edngua Portuguesa e Matem\u00e1tica do Sistema de Avalia\u00e7\u00e3o da Educa\u00e7\u00e3o B\u00e1sica (SAEB)\/ Prova Brasil 2017 come\u00e7aram a ser aplicadas, nesta segunda-feira (23), em todo o pa\u00eds nas escolas p\u00fablicas e particulares. Na rede estadual de ensino, a Prova Brasil inclui estudantes do 5\u00ba e 9\u00ba anos do Ensino Fundamental, da 3\u00aa [&hellip;]<\/p>\n","protected":false},"author":2,"featured_media":0,"comment_status":"open","ping_status":"open","sticky":false,"template":"","format":"standard","meta":{"_links_to":"","_links_to_target":""},"categories":[1],"tags":[51,9036,19959],"_links":{"self":[{"href":"https:\/\/www.blogdothame.blog.br\/v1\/wp-json\/wp\/v2\/posts\/68447"}],"collection":[{"href":"https:\/\/www.blogdothame.blog.br\/v1\/wp-json\/wp\/v2\/posts"}],"about":[{"href":"https:\/\/www.blogdothame.blog.br\/v1\/wp-json\/wp\/v2\/types\/post"}],"author":[{"embeddable":true,"href":"https:\/\/www.blogdothame.blog.br\/v1\/wp-json\/wp\/v2\/users\/2"}],"replies":[{"embeddable":true,"href":"https:\/\/www.blogdothame.blog.br\/v1\/wp-json\/wp\/v2\/comments?post=68447"}],"version-history":[{"count":1,"href":"https:\/\/www.blogdothame.blog.br\/v1\/wp-json\/wp\/v2\/posts\/68447\/revisions"}],"predecessor-version":[{"id":68448,"href":"https:\/\/www.blogdothame.blog.br\/v1\/wp-json\/wp\/v2\/posts\/68447\/revisions\/68448"}],"wp:attachment":[{"href":"https:\/\/www.blogdothame.blog.br\/v1\/wp-json\/wp\/v2\/media?parent=68447"}],"wp:term":[{"taxonomy":"category","embeddable":true,"href":"https:\/\/www.blogdothame.blog.br\/v1\/wp-json\/wp\/v2\/categories?post=68447"},{"taxonomy":"post_tag","embeddable":true,"href":"https:\/\/www.blogdothame.blog.br\/v1\/wp-json\/wp\/v2\/tags?post=68447"}],"curies":[{"name":"wp","href":"https:\/\/api.w.org\/{rel}","templated":true}]}}