{"id":68400,"date":"2017-10-23T08:29:20","date_gmt":"2017-10-23T11:29:20","guid":{"rendered":"http:\/\/www.blogdothame.blog.br\/v1\/?p=68400"},"modified":"2017-10-23T08:29:51","modified_gmt":"2017-10-23T11:29:51","slug":"lula-inicia-caravana-em-minas-gerais","status":"publish","type":"post","link":"https:\/\/www.blogdothame.blog.br\/v1\/2017\/10\/23\/lula-inicia-caravana-em-minas-gerais\/","title":{"rendered":"Lula inicia caravana em Minas Gerais"},"content":{"rendered":"<p><img loading=\"lazy\" class=\"aligncenter  wp-image-68401\" src=\"http:\/\/www.blogdothame.blog.br\/v1\/wp-content\/uploads\/2017\/10\/caravana-Lula.jpg\" alt=\"caravana Lula\" width=\"729\" height=\"261\" srcset=\"https:\/\/www.blogdothame.blog.br\/v1\/wp-content\/uploads\/2017\/10\/caravana-Lula.jpg 1000w, https:\/\/www.blogdothame.blog.br\/v1\/wp-content\/uploads\/2017\/10\/caravana-Lula-300x107.jpg 300w\" sizes=\"(max-width: 729px) 100vw, 729px\" \/><\/p>\n<p>(Rede Brasil Atual) &#8211; O ex-presidente Luiz In\u00e1cio Lula da Silva come\u00e7a nesta segunda-feira (23), em Ipatinga, Minas Gerais, nova etapa da Caravana Lula pelo Brasil. &#8220;Tem gente achando que governar \u00e9 f\u00e1cil e que sabe de tudo. Quando tenho d\u00favidas, pergunto ao povo brasileiro. Agora, vou percorrer Minas para conversar com o povo, saber o que fazer e ajudar o povo mineiro&#8221;, disse o petista, em entrevista \u00e0 r\u00e1dio Super Not\u00edcia FM, de Belo Horizonte, nesta quarta-feira (18).<\/p>\n<p>O ex-presidente afirma que quer ver os &#8220;estragos&#8221; promovidos pelo governo Temer. &#8220;Fui ao Nordeste e percebi que a pobreza, a fome e o desemprego est\u00e3o voltando. N\u00f3s estamos perdendo os direitos que conquistamos nos \u00faltimos anos&#8221;, afirma.<\/p>\n<p>Lula diz que um dos marcos de seu governo na regi\u00e3o mineira foi a constru\u00e7\u00e3o da ponte de Itinga, na regi\u00e3o do Vale do Jequitinhonha, uma das mais pobres do pa\u00eds. &#8220;Prometi em 1993 (durante passagem da primeira edi\u00e7\u00e3o da Caravana da Cidadania). Toda vez que eu ia \u00e0 Itinga, tinha que atravessar de balsa o rio. O balseiro tinha um caro\u00e7o embaixo do bra\u00e7o de tanto empurr\u00e1-la. Eu pensava que um dia faria uma ponte ali. Quando ganhei as elei\u00e7\u00f5es, foi feita a ponte, que \u00e9 um orgulho do povo de l\u00e1&#8221;, conta o ex-presidente.<\/p>\n<p><!--more--><\/p>\n<p>Ele criticou as privatiza\u00e7\u00f5es do governo Temer, que &#8220;n\u00e3o entende de povo&#8221;, segundo ele. &#8220;N\u00e3o quero governar o pa\u00eds, eu quero cuidar desse povo. Quero cuidar da soberania do pa\u00eds, que n\u00e3o pode ser vendido pelo governo Temer. Porque essa gente n\u00e3o vai ser dono de supermercado ou de loja de eletrodom\u00e9sticos? Eles s\u00f3 sabem vender. Governar \u00e9 fazer o pa\u00eds crescer, o que precisa \u00e9 investimento. Estou esperan\u00e7oso de consertar o pa\u00eds.&#8221;<\/p>\n<p>A caravana de Lula, que vai at\u00e9 o dia 30 deste m\u00eas, envolve sete regi\u00f5es do estado, totalizando pelo menos 14 cidades. Na etapa nordestina, realizada em agosto, a caravana previa paradas em 28 cidades e parou em 58.<\/p>\n<p>Em sua segunda agenda mineira, segundo ele, visitar\u00e1 Governador Valadares e a Bacia do Rio Doce. &#8220;Quero ver o estrago da lama (do rompimento da barragem em Mariana) e conversar com os pescadores da regi\u00e3o&#8221;, conta. A viagem tem ainda no roteiro Te\u00f3filo Otoni, Itaobim, Itinga, Ara\u00e7ua\u00ed, Salinas, Montes Claros, Bocai\u00fava e Diamantina. O encerramento est\u00e1 previsto para o pr\u00f3ximo dia 30, em Belo Horizonte.<\/p>\n<p>Segundo o Instituto Lula, o projeto Lula Pelo Brasil tem objetivo de recuperar transforma\u00e7\u00f5es pelas quais o pa\u00eds passou nos governos petistas, contrastar com o &#8220;desmonte&#8221; dos programas e pol\u00edticas p\u00fablicas de desenvolvimento e inclus\u00e3o social operado pelo governo Temer e discutir com a popula\u00e7\u00e3o projetos para o futuro.<\/p>\n<p>O tema da educa\u00e7\u00e3o tem tido destaque nas viagens do ex-presidente. A entidade cita a cria\u00e7\u00e3o de tr\u00eas universidades em Minas e de 16 campi universit\u00e1rios, na pol\u00edtica de interioriza\u00e7\u00e3o do ensino p\u00fablico superior. Menciona tamb\u00e9m a cria\u00e7\u00e3o de 43 novas escolas t\u00e9cnicas em Minas Gerais. O estado teve ainda 1,1 milh\u00e3o de fam\u00edlias beneficiadas com o Bolsa Fam\u00edlia e, segundo o instituto, mais de um milh\u00e3o de mineiros deixaram a extrema pobreza \u2013 o que teria contribu\u00eddo para tirar o Brasil do Mapa da Fome da Organiza\u00e7\u00e3o das Na\u00e7\u00f5es Unidas.<\/p>\n<p>O roteiro da caravana em Minas Gerais<\/p>\n<p>23 de outubro \u2013 Ipatinga<br \/>\n18h \u2013 Ato &#8220;Em defesa da soberania nacional&#8221;<br \/>\nPra\u00e7a dos Tr\u00eas Poderes ou Pra\u00e7a do Marco Zero<\/p>\n<p>24 de outubro \u2013 Governador Valadares<br \/>\n8h30 \u2013 Visita ao viveiro de mudas do MST<br \/>\n10h \u2013 Visita a Bacia do Rio Doce \u2013 Feira da Paz<br \/>\n17h \u2013 Chegada a Te\u00f3filo Otoni. Universidade Federal do Vale do Jequitinhonha e Mucuri<br \/>\n19h \u2013 Ato em defesa da Educa\u00e7\u00e3o<\/p>\n<p>25 de outubro \u2013 Itaobim<br \/>\n13h \u2013 Parada no trevo de Itaobim<br \/>\nTransversal da BR116 na entrada da cidade<br \/>\n15h \u2013 Ponte de Itinga, que cruza o Jequitinhonha<br \/>\n18h \u2013 Ara\u00e7ua\u00ed \u2013 Ato cultural do M\u00e9dio Jequitinhonha na Pra\u00e7a do Mercado<\/p>\n<p>26 de outubro \u2013 Ara\u00e7ua\u00ed<br \/>\n8h30 \u2013 Visita ao Campus de Ara\u00e7ua\u00ed do Instituto Federal do Norte de Minas Gerais (IFNMG)<br \/>\n13h \u2013 Visita ao Campus de Salinas do IFNMG<br \/>\n15h \u2013 Ato p\u00fablico na Pra\u00e7a do Banco do Brasil em Salinas<\/p>\n<p>27 de outubro \u2013 Montes Claros<br \/>\n16h \u2013 Visita a complexo industrial<br \/>\n18h \u2013 Ato p\u00fablico na Pra\u00e7a da Catedral<\/p>\n<p>28 de outubro de 2017 \u2013 Montes Claros<br \/>\n9h \u2013 Visita a projeto de irriga\u00e7\u00e3o por gotejamento (Aspropem)<br \/>\n12h \u2013 Bocai\u00fava \u2013 Ato em defesa da defesa da Agricultura Familiar na Pra\u00e7a do Mercado Municipal<br \/>\n18h30 \u2013 Ato cultural do Alto Jequitinhonha na Pra\u00e7a da Rodovi\u00e1ria<\/p>\n<p>29 de outubro \u2013 Diamantina<br \/>\n9h \u2013 Diamantina \u2013 Reuni\u00e3o com reitores de universidade e institutos federais na Universidade Federal do Vale do Jequitinhonha e Mucuri<br \/>\n15h \u2013 Cordisburgo &#8211; Recep\u00e7\u00e3o com Folia dos Reis e Congada em frente ao Portal do Grande Sert\u00e3o Veredas<br \/>\n17h \u2013 Visita ao Museu Casa Guimar\u00e3es Rosa<\/p>\n<p>30 de outubro \u2013 Belo Horizonte<br \/>\n15h \u2013 Reuni\u00e3o com prefeitos de Minas Gerais<br \/>\n18h \u2013 Ato de encerramento da Caravana na Pra\u00e7a da Esta\u00e7\u00e3o ou da Liberdade<\/p>\n","protected":false},"excerpt":{"rendered":"<p>(Rede Brasil Atual) &#8211; O ex-presidente Luiz In\u00e1cio Lula da Silva come\u00e7a nesta segunda-feira (23), em Ipatinga, Minas Gerais, nova etapa da Caravana Lula pelo Brasil. &#8220;Tem gente achando que governar \u00e9 f\u00e1cil e que sabe de tudo. Quando tenho d\u00favidas, pergunto ao povo brasileiro. Agora, vou percorrer Minas para conversar com o povo, saber [&hellip;]<\/p>\n","protected":false},"author":2,"featured_media":0,"comment_status":"open","ping_status":"open","sticky":false,"template":"","format":"standard","meta":{"_links_to":"","_links_to_target":""},"categories":[1],"tags":[19945,3489,571],"_links":{"self":[{"href":"https:\/\/www.blogdothame.blog.br\/v1\/wp-json\/wp\/v2\/posts\/68400"}],"collection":[{"href":"https:\/\/www.blogdothame.blog.br\/v1\/wp-json\/wp\/v2\/posts"}],"about":[{"href":"https:\/\/www.blogdothame.blog.br\/v1\/wp-json\/wp\/v2\/types\/post"}],"author":[{"embeddable":true,"href":"https:\/\/www.blogdothame.blog.br\/v1\/wp-json\/wp\/v2\/users\/2"}],"replies":[{"embeddable":true,"href":"https:\/\/www.blogdothame.blog.br\/v1\/wp-json\/wp\/v2\/comments?post=68400"}],"version-history":[{"count":1,"href":"https:\/\/www.blogdothame.blog.br\/v1\/wp-json\/wp\/v2\/posts\/68400\/revisions"}],"predecessor-version":[{"id":68402,"href":"https:\/\/www.blogdothame.blog.br\/v1\/wp-json\/wp\/v2\/posts\/68400\/revisions\/68402"}],"wp:attachment":[{"href":"https:\/\/www.blogdothame.blog.br\/v1\/wp-json\/wp\/v2\/media?parent=68400"}],"wp:term":[{"taxonomy":"category","embeddable":true,"href":"https:\/\/www.blogdothame.blog.br\/v1\/wp-json\/wp\/v2\/categories?post=68400"},{"taxonomy":"post_tag","embeddable":true,"href":"https:\/\/www.blogdothame.blog.br\/v1\/wp-json\/wp\/v2\/tags?post=68400"}],"curies":[{"name":"wp","href":"https:\/\/api.w.org\/{rel}","templated":true}]}}