{"id":68386,"date":"2017-10-21T03:46:12","date_gmt":"2017-10-21T06:46:12","guid":{"rendered":"http:\/\/www.blogdothame.blog.br\/v1\/?p=68386"},"modified":"2017-10-20T16:48:54","modified_gmt":"2017-10-20T19:48:54","slug":"colegios-estaduais-comecam-a-aplicar-a-prova-brasil","status":"publish","type":"post","link":"https:\/\/www.blogdothame.blog.br\/v1\/2017\/10\/21\/colegios-estaduais-comecam-a-aplicar-a-prova-brasil\/","title":{"rendered":"Col\u00e9gios estaduais come\u00e7am a aplicar a Prova Brasil"},"content":{"rendered":"<p><img loading=\"lazy\" class=\"alignright size-medium wp-image-68387\" src=\"http:\/\/www.blogdothame.blog.br\/v1\/wp-content\/uploads\/2017\/10\/prova-brasil-300x201.jpg\" alt=\"prova brasil\" width=\"300\" height=\"201\" srcset=\"https:\/\/www.blogdothame.blog.br\/v1\/wp-content\/uploads\/2017\/10\/prova-brasil-300x201.jpg 300w, https:\/\/www.blogdothame.blog.br\/v1\/wp-content\/uploads\/2017\/10\/prova-brasil.jpg 1000w\" sizes=\"(max-width: 300px) 100vw, 300px\" \/>Os estudantes da rede estadual de ensino dever\u00e3o participar, a partir de segunda-feira (23), da aplica\u00e7\u00e3o das provas nacionais de L\u00edngua Portuguesa e Matem\u00e1tica do Sistema de Avalia\u00e7\u00e3o da Educa\u00e7\u00e3o B\u00e1sica (SAEB)\/ Prova Brasil 2017. As provas ser\u00e3o realizadas em um \u00fanico dia nas escolas, no per\u00edodo de 23 de outubro a 3 de novembro, conforme agendamento pr\u00e9vio feito pela empresa respons\u00e1vel pela aplica\u00e7\u00e3o. Esta avalia\u00e7\u00e3o \u00e9 fundamental para o replanejamento de a\u00e7\u00f5es pedag\u00f3gicas, visando a melhoria dos processos de ensino e de aprendizagens.<\/p>\n<p>A Prova Brasil inclui estudantes do 5\u00ba e 9\u00ba anos do Ensino Fundamental, da 3\u00aa \u00a0s\u00e9rie do Ensino M\u00e9dio e da 4\u00aa s\u00e9rie da Educa\u00e7\u00e3o Profissional, contemplando as escolas p\u00fablicas das zonas urbanas e rurais. A avalia\u00e7\u00e3o do SAEB contribui para a obten\u00e7\u00e3o de um diagn\u00f3stico da Educa\u00e7\u00e3o B\u00e1sica, que tamb\u00e9m subsidiar\u00e1 a formula\u00e7\u00e3o, reformula\u00e7\u00e3o e o monitoramento das pol\u00edticas p\u00fablicas nas esferas municipal, estadual e federal.<\/p>\n<p><!--more--><\/p>\n<p>De acordo com a superintendente de Gest\u00e3o da Informa\u00e7\u00e3o da Secretaria da Educa\u00e7\u00e3o do Estado da Bahia, Cristiane Ferreira, o objetivo n\u00e3o \u00e9 reprovar ou aprovar o aluno, mas obter um diagn\u00f3stico sobre o que os estudantes aprenderam em L\u00edngua Portuguesa e Matem\u00e1tica, durante os anos de estudo. \u201c\u00c9 muito importante a participa\u00e7\u00e3o de todos os professores neste trabalho de sensibiliza\u00e7\u00e3o junto aos estudantes da rede, para que eles fa\u00e7am a prova de forma mais consciente e respons\u00e1vel\u201d, afirma Cristiane Ferreira, ao acrescentar que as fam\u00edlias tamb\u00e9m t\u00eam um papel fundamental no sentido de estimular os filhos a participarem deste processo.<\/p>\n<p>As avalia\u00e7\u00f5es ir\u00e3o testar conte\u00fados ligados \u00e0 leitura e interpreta\u00e7\u00e3o de textos diversos (charges, piadas, tirinhas, contos, cr\u00f4nicas, cartas, f\u00e1bulas, poemas, propagandas), no caso de L\u00edngua Portuguesa, e quest\u00f5es voltadas aos temas espa\u00e7o e forma; grandezas e medidas; n\u00famero e opera\u00e7\u00f5es\/\u00e1lgebra e fun\u00e7\u00f5es; e tratamento da informa\u00e7\u00e3o, no caso de Matem\u00e1tica.<\/p>\n<p>Nesta edi\u00e7\u00e3o, o SAEB\/Prova Brasil deixou de ser amostral para os estudantes do 3\u00aa s\u00e9rie do Ensino M\u00e9dio e passou a ser censit\u00e1ria, envolvendo, tamb\u00e9m, os estudantes da 4\u00aa s\u00e9rie da Educa\u00e7\u00e3o Profissional. As provas do SAEB ser\u00e3o aplicadas na Bahia pela Funda\u00e7\u00e3o Get\u00falio Vargas e o tempo para a realiza\u00e7\u00e3o \u00e9 de duas horas e 30 minutos.<\/p>\n<p>&nbsp;<\/p>\n<p><strong>Cartilha \u2013\u00a0<\/strong>Os professores e gestores escolares podem obter maiores informa\u00e7\u00f5es sobre o processo, atrav\u00e9s da Cartilha do Sistema Nacional de Avalia\u00e7\u00e3o da Educa\u00e7\u00e3o B\u00e1sica (SAEB). O material, publicado pelo Instituto Nacional de Estudos e Pesquisas Educacionais An\u00edsio Teixeira (INEP), est\u00e1 dispon\u00edvel para download no Portal da Educa\u00e7\u00e3o:\u00a0<a href=\"http:\/\/www.educacao.ba.gov.br\/\" data-saferedirecturl=\"https:\/\/www.google.com\/url?hl=pt-BR&amp;q=http:\/\/www.educacao.ba.gov.br&amp;source=gmail&amp;ust=1508610423032000&amp;usg=AFQjCNG_y8KEipv8YKHRHxYxLJUww1Whng\">www.educacao.ba.gov.br<\/a><\/p>\n","protected":false},"excerpt":{"rendered":"<p>Os estudantes da rede estadual de ensino dever\u00e3o participar, a partir de segunda-feira (23), da aplica\u00e7\u00e3o das provas nacionais de L\u00edngua Portuguesa e Matem\u00e1tica do Sistema de Avalia\u00e7\u00e3o da Educa\u00e7\u00e3o B\u00e1sica (SAEB)\/ Prova Brasil 2017. As provas ser\u00e3o realizadas em um \u00fanico dia nas escolas, no per\u00edodo de 23 de outubro a 3 de novembro, [&hellip;]<\/p>\n","protected":false},"author":2,"featured_media":0,"comment_status":"open","ping_status":"open","sticky":false,"template":"","format":"standard","meta":{"_links_to":"","_links_to_target":""},"categories":[1],"tags":[51,19941,9036],"_links":{"self":[{"href":"https:\/\/www.blogdothame.blog.br\/v1\/wp-json\/wp\/v2\/posts\/68386"}],"collection":[{"href":"https:\/\/www.blogdothame.blog.br\/v1\/wp-json\/wp\/v2\/posts"}],"about":[{"href":"https:\/\/www.blogdothame.blog.br\/v1\/wp-json\/wp\/v2\/types\/post"}],"author":[{"embeddable":true,"href":"https:\/\/www.blogdothame.blog.br\/v1\/wp-json\/wp\/v2\/users\/2"}],"replies":[{"embeddable":true,"href":"https:\/\/www.blogdothame.blog.br\/v1\/wp-json\/wp\/v2\/comments?post=68386"}],"version-history":[{"count":1,"href":"https:\/\/www.blogdothame.blog.br\/v1\/wp-json\/wp\/v2\/posts\/68386\/revisions"}],"predecessor-version":[{"id":68388,"href":"https:\/\/www.blogdothame.blog.br\/v1\/wp-json\/wp\/v2\/posts\/68386\/revisions\/68388"}],"wp:attachment":[{"href":"https:\/\/www.blogdothame.blog.br\/v1\/wp-json\/wp\/v2\/media?parent=68386"}],"wp:term":[{"taxonomy":"category","embeddable":true,"href":"https:\/\/www.blogdothame.blog.br\/v1\/wp-json\/wp\/v2\/categories?post=68386"},{"taxonomy":"post_tag","embeddable":true,"href":"https:\/\/www.blogdothame.blog.br\/v1\/wp-json\/wp\/v2\/tags?post=68386"}],"curies":[{"name":"wp","href":"https:\/\/api.w.org\/{rel}","templated":true}]}}