{"id":66652,"date":"2017-08-29T14:01:58","date_gmt":"2017-08-29T17:01:58","guid":{"rendered":"http:\/\/www.blogdothame.blog.br\/v1\/?p=66652"},"modified":"2017-08-28T16:06:06","modified_gmt":"2017-08-28T19:06:06","slug":"galeria-do-tmi-recebe-lancamento-do-livro-de-arte-amazonia-a-natureza-em-destaque","status":"publish","type":"post","link":"https:\/\/www.blogdothame.blog.br\/v1\/2017\/08\/29\/galeria-do-tmi-recebe-lancamento-do-livro-de-arte-amazonia-a-natureza-em-destaque\/","title":{"rendered":"Galeria do TMI recebe lan\u00e7amento do livro de arte \u201cAmaz\u00f4nia, a Natureza em Destaque\u201d"},"content":{"rendered":"<p><img loading=\"lazy\" class=\"alignleft size-medium wp-image-66653\" src=\"http:\/\/www.blogdothame.blog.br\/v1\/wp-content\/uploads\/2017\/08\/arte-289x300.jpg\" alt=\"arte\" width=\"289\" height=\"300\" srcset=\"https:\/\/www.blogdothame.blog.br\/v1\/wp-content\/uploads\/2017\/08\/arte-289x300.jpg 289w, https:\/\/www.blogdothame.blog.br\/v1\/wp-content\/uploads\/2017\/08\/arte.jpg 520w\" sizes=\"(max-width: 289px) 100vw, 289px\" \/>A Galeria do Teatro Municipal de Ilh\u00e9us sedia, no dia 14 de setembro, o lan\u00e7amento do livro de arte \u201cAmaz\u00f4nia, a Natureza em Destaque\u201d &#8211; Editora Capella, 2017\u00a0&#8211; de autoria de Jair Gabriel da Costa. O evento que ter\u00e1 entrada franca, acontece \u00e0s sete da noite e registra parte da produ\u00e7\u00e3o do artista, nascido em 1950, em Porto Velho, Rond\u00f4nia.<\/p>\n<p>Beleza, mist\u00e9rio e encanto est\u00e3o presentes nas telas de Jair Gabriel. A tem\u00e1tica que aborda, retratando plantas, bichos, aves, sons da floresta, lendas e figuras carregadas de misticismo, lembram hist\u00f3rias de selva, e s\u00e3o compostas em cores, ora vibrantes, ora contidas.<\/p>\n<p>Um chamado sobre a Amaz\u00f4nia\u00a0&#8211; Ermanna Cavazzoli da Costa, curadora de sua obra, e organizadora do livro, explica que \u201cmais do que uma alus\u00e3o \u00e0 tem\u00e1tica do autor, o t\u00edtulo da obra \u201cAmaz\u00f4nia, a Natureza em Destaque\u201d, \u00e9 um chamado para um mergulho em uma Amaz\u00f4nia que vai al\u00e9m da grande reserva da fauna, flora e dos recursos naturais que o pa\u00eds possui. \u00c9 uma imers\u00e3o em uma Amaz\u00f4nia mitol\u00f3gica, rica de signos e de significados.<\/p>\n<p><img loading=\"lazy\" class=\"alignright  wp-image-66654\" src=\"http:\/\/www.blogdothame.blog.br\/v1\/wp-content\/uploads\/2017\/08\/Jair-Gabriel-225x300.jpg\" alt=\"Jair Gabriel\" width=\"180\" height=\"240\" srcset=\"https:\/\/www.blogdothame.blog.br\/v1\/wp-content\/uploads\/2017\/08\/Jair-Gabriel-225x300.jpg 225w, https:\/\/www.blogdothame.blog.br\/v1\/wp-content\/uploads\/2017\/08\/Jair-Gabriel-768x1024.jpg 768w, https:\/\/www.blogdothame.blog.br\/v1\/wp-content\/uploads\/2017\/08\/Jair-Gabriel.jpg 960w\" sizes=\"(max-width: 180px) 100vw, 180px\" \/>Filho de seringueiro, Jair Gabriel passou a inf\u00e2ncia e parte da juventude na Floresta Amaz\u00f4nica, tendo, entretanto, iniciado sua carreira art\u00edstica h\u00e1 cerca de duas d\u00e9cadas, aos 45 anos de idade, quando j\u00e1 residia na cidade de Salvador. No dia 05 de maio \u00faltimo o livro foi colocado no mercado, com um concorrido lan\u00e7amento no Palacete das Artes (Gra\u00e7a, Salvador, Bahia). A publica\u00e7\u00e3o traz, al\u00e9m das imagens das pinturas, informa\u00e7\u00f5es sobre mostras realizadas e textos de an\u00e1lise da obra, escritos por outros artistas e especialistas, como Antonia Herrera, doutora em teoria da literatura e literatura comparada, e o jornalista e escritor Carlos Ribeiro.<\/p>\n<p>Estilo\u00a0&#8211; Autodidata, a pintura de Jair Gabriel \u00e9 primitivista ou naif, estilo que, por defini\u00e7\u00e3o, caracteriza-se pela \u201cexpress\u00e3o espont\u00e2nea, desamarrada de m\u00e9todo, livre de conven\u00e7\u00f5es e, n\u00e3o raro, envolta em uma aura de certa ingenuidade\u201d. Com caracter\u00edsticas muito pr\u00f3prias e marcantes, suas pinturas s\u00e3o realizadas com a t\u00e9cnica do pontilhismo \u2013 \u201cna qual em<\/p>\n","protected":false},"excerpt":{"rendered":"<p>A Galeria do Teatro Municipal de Ilh\u00e9us sedia, no dia 14 de setembro, o lan\u00e7amento do livro de arte \u201cAmaz\u00f4nia, a Natureza em Destaque\u201d &#8211; Editora Capella, 2017\u00a0&#8211; de autoria de Jair Gabriel da Costa. O evento que ter\u00e1 entrada franca, acontece \u00e0s sete da noite e registra parte da produ\u00e7\u00e3o do artista, nascido em [&hellip;]<\/p>\n","protected":false},"author":2,"featured_media":0,"comment_status":"open","ping_status":"open","sticky":false,"template":"","format":"standard","meta":{"_links_to":"","_links_to_target":""},"categories":[1],"tags":[19502,12885,19503,763],"_links":{"self":[{"href":"https:\/\/www.blogdothame.blog.br\/v1\/wp-json\/wp\/v2\/posts\/66652"}],"collection":[{"href":"https:\/\/www.blogdothame.blog.br\/v1\/wp-json\/wp\/v2\/posts"}],"about":[{"href":"https:\/\/www.blogdothame.blog.br\/v1\/wp-json\/wp\/v2\/types\/post"}],"author":[{"embeddable":true,"href":"https:\/\/www.blogdothame.blog.br\/v1\/wp-json\/wp\/v2\/users\/2"}],"replies":[{"embeddable":true,"href":"https:\/\/www.blogdothame.blog.br\/v1\/wp-json\/wp\/v2\/comments?post=66652"}],"version-history":[{"count":1,"href":"https:\/\/www.blogdothame.blog.br\/v1\/wp-json\/wp\/v2\/posts\/66652\/revisions"}],"predecessor-version":[{"id":66655,"href":"https:\/\/www.blogdothame.blog.br\/v1\/wp-json\/wp\/v2\/posts\/66652\/revisions\/66655"}],"wp:attachment":[{"href":"https:\/\/www.blogdothame.blog.br\/v1\/wp-json\/wp\/v2\/media?parent=66652"}],"wp:term":[{"taxonomy":"category","embeddable":true,"href":"https:\/\/www.blogdothame.blog.br\/v1\/wp-json\/wp\/v2\/categories?post=66652"},{"taxonomy":"post_tag","embeddable":true,"href":"https:\/\/www.blogdothame.blog.br\/v1\/wp-json\/wp\/v2\/tags?post=66652"}],"curies":[{"name":"wp","href":"https:\/\/api.w.org\/{rel}","templated":true}]}}