{"id":66510,"date":"2017-08-25T06:56:34","date_gmt":"2017-08-25T09:56:34","guid":{"rendered":"http:\/\/www.blogdothame.blog.br\/v1\/?p=66510"},"modified":"2017-08-23T17:01:04","modified_gmt":"2017-08-23T20:01:04","slug":"aluno-de-base-comunitaria-de-seguranca-se-torna-saxofonista-e-ingressa-no-mercado-de-trabalho","status":"publish","type":"post","link":"https:\/\/www.blogdothame.blog.br\/v1\/2017\/08\/25\/aluno-de-base-comunitaria-de-seguranca-se-torna-saxofonista-e-ingressa-no-mercado-de-trabalho\/","title":{"rendered":"Aluno de Base Comunit\u00e1ria de Seguran\u00e7a se torna saxofonista e ingressa no mercado de trabalho"},"content":{"rendered":"<p>A mensagem de resist\u00eancia do Olodum est\u00e1 nas partituras e serve como est\u00edmulo para os alunos de m\u00fasica da Base Comunit\u00e1ria de Seguran\u00e7a (BCS) do Calabar, em Salvador. Entre eles, o Projeto Primeiro Som formou o saxofonista Henrique Santos, 22 anos, que hoje \u00e9 m\u00fasico profissional.<\/p>\n<p><img loading=\"lazy\" class=\"alignleft size-medium wp-image-66513\" src=\"http:\/\/www.blogdothame.blog.br\/v1\/wp-content\/uploads\/2017\/08\/base-233-300x200.jpg\" alt=\"Aula de m\u00fasica na Base Comunit\u00e1ria do Calabar. Foto: Mateus Pereira\/GOVBA\" width=\"300\" height=\"200\" srcset=\"https:\/\/www.blogdothame.blog.br\/v1\/wp-content\/uploads\/2017\/08\/base-233-300x200.jpg 300w, https:\/\/www.blogdothame.blog.br\/v1\/wp-content\/uploads\/2017\/08\/base-233.jpg 1000w\" sizes=\"(max-width: 300px) 100vw, 300px\" \/>Mais de 100 jovens est\u00e3o matriculados nas aulas de canto e de instrumentos de cordas e sopro oferecidas pela Bases Comunit\u00e1rias de Seguran\u00e7a- BCS. Iniciado h\u00e1 tr\u00eas anos, o Primeiro Som \u00e9 um dos nove projetos desenvolvidos pela unidade da Pol\u00edcia Militar, por meio do programa Pacto pela Vida.<\/p>\n<p>Antes do projeto, Henrique estudava m\u00fasica sozinho em casa e n\u00e3o tinha perspectiva de crescimento. \u201cEu me inscrevi aqui como aluno de sopro e fui me profissionalizando, querendo ser saxofonista. Hoje sustento meus dois filhos, toco no Le Cirque e em bandas de igreja. A unidade proporcionou meu crescimento musical\u201d, afirma.<\/p>\n<p>Segundo o idealizador das oficinas de instrumentos de sopro, soldado Leonardo Agrellos, a m\u00fasica \u00e9 tratada na base n\u00e3o apenas de forma l\u00fadica, mas profissionalizante. \u201cAssim, a gente ajuda a prevenir que esses jovens entrem para a criminalidade. A ociosidade \u00e9 um problema muito grande e a m\u00fasica preenche esse vazio. Fico feliz de ver um aluno se desenvolvendo e sustentando sua fam\u00edlia, sendo contratado. Esse \u00e9 o combust\u00edvel do nosso trabalho\u201d, comemora o soldado.<\/p>\n<p>Confian\u00e7a e incentivo<\/p>\n<p><!--more--><img loading=\"lazy\" class=\"alignright size-medium wp-image-66511\" src=\"http:\/\/www.blogdothame.blog.br\/v1\/wp-content\/uploads\/2017\/08\/base-1-300x200.jpg\" alt=\"Aula de m\u00fasica na Base Comunit\u00e1ria do Calabar. Foto: Mateus Pereira\/GOVBA\" width=\"300\" height=\"200\" srcset=\"https:\/\/www.blogdothame.blog.br\/v1\/wp-content\/uploads\/2017\/08\/base-1-300x200.jpg 300w, https:\/\/www.blogdothame.blog.br\/v1\/wp-content\/uploads\/2017\/08\/base-1.jpg 1000w\" sizes=\"(max-width: 300px) 100vw, 300px\" \/><\/p>\n<p>Tauana Bonfim, 16, toca viol\u00e3o e \u00e9 a frequentadora mais antiga do projeto. A partir da base comunit\u00e1ria, ela ampliou os horizontes. \u201cEu era muito t\u00edmida. Hoje consigo me expressar e me comunicar com as pessoas. Conheci muita gente aqui. Tamb\u00e9m procurei outras atividades. Fiz teste para teatro no Cria [Centro de Refer\u00eancia Integral de Adolescentes], no Pelourinho, por incentivo do professor, e passei. A base me ajudou muito. Tudo come\u00e7ou aqui\u201d.<\/p>\n<p>Subcomandante da BCS do Calabar, tenente H\u00e9lio Pitanga lembra que a unidade foi a primeira a ser implantada na Bahia, em 2011. De l\u00e1 para c\u00e1, houve uma redu\u00e7\u00e3o de 90% no n\u00famero de mortes na regi\u00e3o. \u201cN\u00f3s percebemos que o trabalho que fazemos aqui com nossos nove projetos, nas \u00e1reas de sa\u00fade, educa\u00e7\u00e3o e cidadania, est\u00e3o dando resultados. E para isso, \u00e9 fundamental a uni\u00e3o com a comunidade, que demonstra confian\u00e7a no nosso trabalho\u201d.\u00a0 (Fotos: Mateus Pereira\/GOVBA)<\/p>\n","protected":false},"excerpt":{"rendered":"<p>A mensagem de resist\u00eancia do Olodum est\u00e1 nas partituras e serve como est\u00edmulo para os alunos de m\u00fasica da Base Comunit\u00e1ria de Seguran\u00e7a (BCS) do Calabar, em Salvador. Entre eles, o Projeto Primeiro Som formou o saxofonista Henrique Santos, 22 anos, que hoje \u00e9 m\u00fasico profissional. Mais de 100 jovens est\u00e3o matriculados nas aulas de [&hellip;]<\/p>\n","protected":false},"author":2,"featured_media":0,"comment_status":"open","ping_status":"open","sticky":false,"template":"","format":"standard","meta":{"_links_to":"","_links_to_target":""},"categories":[1],"tags":[51,19466,1797,965,433],"_links":{"self":[{"href":"https:\/\/www.blogdothame.blog.br\/v1\/wp-json\/wp\/v2\/posts\/66510"}],"collection":[{"href":"https:\/\/www.blogdothame.blog.br\/v1\/wp-json\/wp\/v2\/posts"}],"about":[{"href":"https:\/\/www.blogdothame.blog.br\/v1\/wp-json\/wp\/v2\/types\/post"}],"author":[{"embeddable":true,"href":"https:\/\/www.blogdothame.blog.br\/v1\/wp-json\/wp\/v2\/users\/2"}],"replies":[{"embeddable":true,"href":"https:\/\/www.blogdothame.blog.br\/v1\/wp-json\/wp\/v2\/comments?post=66510"}],"version-history":[{"count":1,"href":"https:\/\/www.blogdothame.blog.br\/v1\/wp-json\/wp\/v2\/posts\/66510\/revisions"}],"predecessor-version":[{"id":66514,"href":"https:\/\/www.blogdothame.blog.br\/v1\/wp-json\/wp\/v2\/posts\/66510\/revisions\/66514"}],"wp:attachment":[{"href":"https:\/\/www.blogdothame.blog.br\/v1\/wp-json\/wp\/v2\/media?parent=66510"}],"wp:term":[{"taxonomy":"category","embeddable":true,"href":"https:\/\/www.blogdothame.blog.br\/v1\/wp-json\/wp\/v2\/categories?post=66510"},{"taxonomy":"post_tag","embeddable":true,"href":"https:\/\/www.blogdothame.blog.br\/v1\/wp-json\/wp\/v2\/tags?post=66510"}],"curies":[{"name":"wp","href":"https:\/\/api.w.org\/{rel}","templated":true}]}}