{"id":66502,"date":"2017-08-23T16:00:52","date_gmt":"2017-08-23T19:00:52","guid":{"rendered":"http:\/\/www.blogdothame.blog.br\/v1\/?p=66502"},"modified":"2017-08-23T15:03:10","modified_gmt":"2017-08-23T18:03:10","slug":"rastreamento-do-cancer-de-mama-atende-em-urucuca","status":"publish","type":"post","link":"https:\/\/www.blogdothame.blog.br\/v1\/2017\/08\/23\/rastreamento-do-cancer-de-mama-atende-em-urucuca\/","title":{"rendered":"Rastreamento do C\u00e2ncer de Mama atende em Uru\u00e7uca"},"content":{"rendered":"<p><img loading=\"lazy\" class=\"alignright size-medium wp-image-66503\" src=\"http:\/\/www.blogdothame.blog.br\/v1\/wp-content\/uploads\/2017\/08\/mama1-300x199.jpg\" alt=\"mama\" width=\"300\" height=\"199\" srcset=\"https:\/\/www.blogdothame.blog.br\/v1\/wp-content\/uploads\/2017\/08\/mama1-300x199.jpg 300w, https:\/\/www.blogdothame.blog.br\/v1\/wp-content\/uploads\/2017\/08\/mama1.jpg 580w\" sizes=\"(max-width: 300px) 100vw, 300px\" \/>\u00a0O programa Sa\u00fade sem Fronteira Rastreamento do C\u00e2ncer de Mama atende \u00e0s moradoras de Uru\u00e7uca desta quinta-feira (24) a 1\u00ba de setembro. A Secretaria de Sa\u00fade da Bahia (Sesab) informou que no munic\u00edpio existem 1.169 mulheres, de 50 a 69 anos, aptas a realizar a mamografia, exame que detecta precocemente o c\u00e2ncer de mama.<\/p>\n<p>O procedimento ser\u00e1 feito em uma unidade m\u00f3vel estacionada na pra\u00e7a Doutor Manoel Pereira de Almeida (em frente ao pr\u00e9dio da prefeitura). Para ser atendida, a mulher deve levar um documento de identidade, Cart\u00e3o do Sistema \u00danico de Sa\u00fade (SUS) e comprovante de endere\u00e7o. O atendimento ser\u00e1 das 7 \u00e0s 18 horas.<\/p>\n<p>TRATAMENTO<\/p>\n<p>O Sa\u00fade sem Fronteiras \u00e9 um programa que tem como diferencial o acompanhamento das mulheres com mamografias inconclusivas, com a oferta de exames complementares para o diagn\u00f3stico e o encaminhamento ao tratamento, visando \u00e0 integralidade do atendimento.<\/p>\n<p>Para as mulheres com diagn\u00f3stico positivo, o tratamento cir\u00fargico, quimioter\u00e1pico ou radioter\u00e1pico ser\u00e1 realizado em unidades de alta complexidade em oncologia. O programa \u00e9 uma ferramenta de acesso da mulher \u00e0s a\u00e7\u00f5es de preven\u00e7\u00e3o, diagn\u00f3stico e tratamento do c\u00e2ncer de mama.<\/p>\n","protected":false},"excerpt":{"rendered":"<p>\u00a0O programa Sa\u00fade sem Fronteira Rastreamento do C\u00e2ncer de Mama atende \u00e0s moradoras de Uru\u00e7uca desta quinta-feira (24) a 1\u00ba de setembro. A Secretaria de Sa\u00fade da Bahia (Sesab) informou que no munic\u00edpio existem 1.169 mulheres, de 50 a 69 anos, aptas a realizar a mamografia, exame que detecta precocemente o c\u00e2ncer de mama. O [&hellip;]<\/p>\n","protected":false},"author":2,"featured_media":0,"comment_status":"open","ping_status":"open","sticky":false,"template":"","format":"standard","meta":{"_links_to":"","_links_to_target":""},"categories":[1],"tags":[51,19464,1634,992],"_links":{"self":[{"href":"https:\/\/www.blogdothame.blog.br\/v1\/wp-json\/wp\/v2\/posts\/66502"}],"collection":[{"href":"https:\/\/www.blogdothame.blog.br\/v1\/wp-json\/wp\/v2\/posts"}],"about":[{"href":"https:\/\/www.blogdothame.blog.br\/v1\/wp-json\/wp\/v2\/types\/post"}],"author":[{"embeddable":true,"href":"https:\/\/www.blogdothame.blog.br\/v1\/wp-json\/wp\/v2\/users\/2"}],"replies":[{"embeddable":true,"href":"https:\/\/www.blogdothame.blog.br\/v1\/wp-json\/wp\/v2\/comments?post=66502"}],"version-history":[{"count":1,"href":"https:\/\/www.blogdothame.blog.br\/v1\/wp-json\/wp\/v2\/posts\/66502\/revisions"}],"predecessor-version":[{"id":66504,"href":"https:\/\/www.blogdothame.blog.br\/v1\/wp-json\/wp\/v2\/posts\/66502\/revisions\/66504"}],"wp:attachment":[{"href":"https:\/\/www.blogdothame.blog.br\/v1\/wp-json\/wp\/v2\/media?parent=66502"}],"wp:term":[{"taxonomy":"category","embeddable":true,"href":"https:\/\/www.blogdothame.blog.br\/v1\/wp-json\/wp\/v2\/categories?post=66502"},{"taxonomy":"post_tag","embeddable":true,"href":"https:\/\/www.blogdothame.blog.br\/v1\/wp-json\/wp\/v2\/tags?post=66502"}],"curies":[{"name":"wp","href":"https:\/\/api.w.org\/{rel}","templated":true}]}}