{"id":6643,"date":"2012-02-03T20:42:22","date_gmt":"2012-02-03T23:42:22","guid":{"rendered":"http:\/\/www.blogdothame.blog.br\/v1\/?p=6643"},"modified":"2012-02-04T09:53:53","modified_gmt":"2012-02-04T12:53:53","slug":"wagnerestamos-tomando-todas-as-providencias-para-garantir-a-seguranca-da-populacao","status":"publish","type":"post","link":"https:\/\/www.blogdothame.blog.br\/v1\/2012\/02\/03\/wagnerestamos-tomando-todas-as-providencias-para-garantir-a-seguranca-da-populacao\/","title":{"rendered":"WAGNER:&#8221;ESTAMOS TOMANDO TODAS AS PROVIDENCIAS PARA GARANTIR A SEGURAN\u00c7A DA POPULA\u00c7\u00c3O&#8221;"},"content":{"rendered":"<p>Na noite desta sexta-feira (3), o governador Jaques Wagner fez um pronunciamento em rede estadual de r\u00e1dio e TV para apresentar as provid\u00eancias que o Governo da Bahia adotou e est\u00e1 dando continuidade para conter os atos de vandalismo que se espalharam pelo estado, a partir da a\u00e7\u00e3o de uma associa\u00e7\u00e3o n\u00e3o reconhecida de policiais militares. Entre as medidas adotadas, refor\u00e7am a seguran\u00e7a p\u00fablica estadual 2.350 militares do Ex\u00e9rcito, Marinha e Aeron\u00e1utica.<\/p>\n<p>\u00a0Neste s\u00e1bado (4), se somar\u00e3o a este contingente mais 600 homens. Wagner tamb\u00e9m conclamou todos os profissionais da Policia Militar a retomarem a normalidade dos seus trabalhos. O governador afirmou que as fam\u00edlias baianas podem ficar tranquilas. \u201cEstamos tomando todas as provid\u00eancias para garantir a seguran\u00e7a dos nossos cidad\u00e3os\u201d. Segundo Wagner, o governo agiu imediatamente e com todo rigor \u201cpara conter as a\u00e7\u00f5es de um grupo de policiais que, usando m\u00e9todos conden\u00e1veis e difundindo o medo na popula\u00e7\u00e3o, chegou a causar desordem em alguns pontos do nosso estado\u201d. Ele disse que n\u00e3o aceita que \u201cum pequeno grupo, de forma irrespons\u00e1vel, cometa atos de desordem para assustar a popula\u00e7\u00e3o\u201d.<\/p>\n<p>De acordo com o governador, a partir de uma solicita\u00e7\u00e3o direta \u00e0 presidenta Dilma Rousseff desembarcaram na Bahia, na quinta-feira (3), os primeiros contingentes da For\u00e7a Nacional de Seguran\u00e7a que, juntamente com as For\u00e7as Armadas, j\u00e1 est\u00e3o nas ruas para garantir a paz. \u201cN\u00e3o esperava outra atitude da nossa presidenta Dilma, defensora da democracia como eu\u201d. Wagner disse que n\u00e3o se pode conviver com o movimento decretado ilegal pela Justi\u00e7a baiana e que 12 mandatos de pris\u00e3o foram emitidos. Sobre as negocia\u00e7\u00f5es com as associa\u00e7\u00f5es que t\u00eam legitimidade para representar a corpora\u00e7\u00e3o, o Wagner afirmou que o Governo sempre esteve aberto para o di\u00e1logo. \u201cFoi com democracia que garantimos conquistas importantes como o aumento real do sal\u00e1rio, investimos na compra de quase tr\u00eas mil viaturas e mais de 9 mil homens foram incorporados ao efetivo policial\u201d. O governador enfatizou ainda que os gestores estaduais, ele inclusive, t\u00eam a consci\u00eancia de que \u00e9 preciso melhorar as condi\u00e7\u00f5es de trabalho das pol\u00edcias. \u201cVamos seguir em frente trabalhando com muita determina\u00e7\u00e3o para garantir a seguran\u00e7a p\u00fablica e a tranquilidade do povo baiano\u201d. Para o governador, \u201ca PM do estado da Bahia, centen\u00e1ria mil\u00edcia de bravos e defensora da paz, n\u00e3o pode se transformar num instrumento de intimida\u00e7\u00e3o e desordem\u201d.<\/p>\n<p>veja o video do pronunciamento de Jaques Wagner:<\/p>\n<p><object style=\"height: 390px; width: 640px\"><param name=\"movie\" value=\"http:\/\/www.youtube.com\/v\/Iq3WayU0ZGw?version=3&#038;feature=player_detailpage\"><\/param><param name=\"allowFullScreen\" value=\"true\"><\/param><param name=\"allowScriptAccess\" value=\"always\"><embed src=\"http:\/\/www.youtube.com\/v\/Iq3WayU0ZGw?version=3&#038;feature=player_detailpage\" type=\"application\/x-shockwave-flash\" allowfullscreen=\"true\" allowScriptAccess=\"always\" width=\"640\" height=\"360\"><\/embed><\/param><\/object><\/p>\n","protected":false},"excerpt":{"rendered":"<p>Na noite desta sexta-feira (3), o governador Jaques Wagner fez um pronunciamento em rede estadual de r\u00e1dio e TV para apresentar as provid\u00eancias que o Governo da Bahia adotou e est\u00e1 dando continuidade para conter os atos de vandalismo que se espalharam pelo estado, a partir da a\u00e7\u00e3o de uma associa\u00e7\u00e3o n\u00e3o reconhecida de policiais [&hellip;]<\/p>\n","protected":false},"author":2,"featured_media":0,"comment_status":"open","ping_status":"open","sticky":false,"template":"","format":"standard","meta":{"_links_to":"","_links_to_target":""},"categories":[1],"tags":[1889,59,1892],"_links":{"self":[{"href":"https:\/\/www.blogdothame.blog.br\/v1\/wp-json\/wp\/v2\/posts\/6643"}],"collection":[{"href":"https:\/\/www.blogdothame.blog.br\/v1\/wp-json\/wp\/v2\/posts"}],"about":[{"href":"https:\/\/www.blogdothame.blog.br\/v1\/wp-json\/wp\/v2\/types\/post"}],"author":[{"embeddable":true,"href":"https:\/\/www.blogdothame.blog.br\/v1\/wp-json\/wp\/v2\/users\/2"}],"replies":[{"embeddable":true,"href":"https:\/\/www.blogdothame.blog.br\/v1\/wp-json\/wp\/v2\/comments?post=6643"}],"version-history":[{"count":7,"href":"https:\/\/www.blogdothame.blog.br\/v1\/wp-json\/wp\/v2\/posts\/6643\/revisions"}],"predecessor-version":[{"id":6661,"href":"https:\/\/www.blogdothame.blog.br\/v1\/wp-json\/wp\/v2\/posts\/6643\/revisions\/6661"}],"wp:attachment":[{"href":"https:\/\/www.blogdothame.blog.br\/v1\/wp-json\/wp\/v2\/media?parent=6643"}],"wp:term":[{"taxonomy":"category","embeddable":true,"href":"https:\/\/www.blogdothame.blog.br\/v1\/wp-json\/wp\/v2\/categories?post=6643"},{"taxonomy":"post_tag","embeddable":true,"href":"https:\/\/www.blogdothame.blog.br\/v1\/wp-json\/wp\/v2\/tags?post=6643"}],"curies":[{"name":"wp","href":"https:\/\/api.w.org\/{rel}","templated":true}]}}