{"id":66396,"date":"2017-08-21T15:34:30","date_gmt":"2017-08-21T18:34:30","guid":{"rendered":"http:\/\/www.blogdothame.blog.br\/v1\/?p=66396"},"modified":"2017-08-21T11:37:40","modified_gmt":"2017-08-21T14:37:40","slug":"gacc-sul-da-bahia-busca-voluntarios-para-mcdia-feliz-2017","status":"publish","type":"post","link":"https:\/\/www.blogdothame.blog.br\/v1\/2017\/08\/21\/gacc-sul-da-bahia-busca-voluntarios-para-mcdia-feliz-2017\/","title":{"rendered":"GACC Sul da Bahia busca volunt\u00e1rios para MCDia Feliz 2017"},"content":{"rendered":"<p><img loading=\"lazy\" class=\"aligncenter size-medium wp-image-66398\" src=\"http:\/\/www.blogdothame.blog.br\/v1\/wp-content\/uploads\/2017\/08\/mac-2-300x211.jpg\" alt=\"mac 2\" width=\"300\" height=\"211\" srcset=\"https:\/\/www.blogdothame.blog.br\/v1\/wp-content\/uploads\/2017\/08\/mac-2-300x211.jpg 300w, https:\/\/www.blogdothame.blog.br\/v1\/wp-content\/uploads\/2017\/08\/mac-2.jpg 900w\" sizes=\"(max-width: 300px) 100vw, 300px\" \/><\/p>\n<p>O Grupo de Apoio \u00e0 Crian\u00e7a com C\u00e2ncer \u2013 Sul Bahia est\u00e1 em busca de volunt\u00e1rios para colaborar no McDia Feliz 2017, no dia 26 de agosto. A campanha coordenada nacionalmente pelo Instituto Ronald McDonald \u00e9 a maior do pa\u00eds pela cura do c\u00e2ncer infantojuvenil e, por isso, precisa do apoio da comunidade para mais uma vez mobilizar e arrecadar recursos que ser\u00e3o destinados \u00e0\u00a0melhoria da qualidade da assist\u00eancia no Servi\u00e7o de Oncologia Pedi\u00e1trica do Hospital Manoel Novaes \u2013 SCMI.<\/p>\n<p><img loading=\"lazy\" class=\"aligncenter size-medium wp-image-66397\" src=\"http:\/\/www.blogdothame.blog.br\/v1\/wp-content\/uploads\/2017\/08\/mac-1-300x211.jpg\" alt=\"mac 1\" width=\"300\" height=\"211\" srcset=\"https:\/\/www.blogdothame.blog.br\/v1\/wp-content\/uploads\/2017\/08\/mac-1-300x211.jpg 300w, https:\/\/www.blogdothame.blog.br\/v1\/wp-content\/uploads\/2017\/08\/mac-1.jpg 900w\" sizes=\"(max-width: 300px) 100vw, 300px\" \/><\/p>\n<p>A institui\u00e7\u00e3o quer mobilizar \u00a0celebridades, personalidades, empres\u00e1rios e pessoas solid\u00e1rias \u00e0 causa que possam participar da programa\u00e7\u00e3o nos restaurantes da regi\u00e3o, al\u00e9m de pessoas que possam ajudar na divulga\u00e7\u00e3o da campanha e volunt\u00e1rios para vender t\u00edquetes antecipados e produtos promocionais. \u201c\u00c9 dia de transformar Big Mac em sorrisos. Toda ajuda \u00e9 fundamental\u201d, incentiva Adrian Greyce, Coordenadora do McDia Feliz. \u201cPrecisamos de todo o apoio poss\u00edvel para alcan\u00e7ar o objetivo deste ano, que \u00e9 a compra de cateteres individuais para crian\u00e7as e adolescentes em tratamento, al\u00e9m de um aparelho de Raio X m\u00f3vel\u201d, completa.<\/p>\n<p>Para saber mais sobre as vagas dispon\u00edveis e o tempo de dedica\u00e7\u00e3o, os interessados devem entrar em contato com Virg\u00edlio\u00a0(73) 98818-3207\u00a0(Vit\u00f3ria da Conquista), com Maria Guadalupe\u00a0(73) 98845-2182\u00a0(Porto Seguro) e Adrian\u00a0(73) 3211-9986\u00a0(Itabuna).<\/p>\n","protected":false},"excerpt":{"rendered":"<p>O Grupo de Apoio \u00e0 Crian\u00e7a com C\u00e2ncer \u2013 Sul Bahia est\u00e1 em busca de volunt\u00e1rios para colaborar no McDia Feliz 2017, no dia 26 de agosto. A campanha coordenada nacionalmente pelo Instituto Ronald McDonald \u00e9 a maior do pa\u00eds pela cura do c\u00e2ncer infantojuvenil e, por isso, precisa do apoio da comunidade para mais [&hellip;]<\/p>\n","protected":false},"author":2,"featured_media":0,"comment_status":"open","ping_status":"open","sticky":false,"template":"","format":"standard","meta":{"_links_to":"","_links_to_target":""},"categories":[1],"tags":[1805,19050,13664,19438],"_links":{"self":[{"href":"https:\/\/www.blogdothame.blog.br\/v1\/wp-json\/wp\/v2\/posts\/66396"}],"collection":[{"href":"https:\/\/www.blogdothame.blog.br\/v1\/wp-json\/wp\/v2\/posts"}],"about":[{"href":"https:\/\/www.blogdothame.blog.br\/v1\/wp-json\/wp\/v2\/types\/post"}],"author":[{"embeddable":true,"href":"https:\/\/www.blogdothame.blog.br\/v1\/wp-json\/wp\/v2\/users\/2"}],"replies":[{"embeddable":true,"href":"https:\/\/www.blogdothame.blog.br\/v1\/wp-json\/wp\/v2\/comments?post=66396"}],"version-history":[{"count":1,"href":"https:\/\/www.blogdothame.blog.br\/v1\/wp-json\/wp\/v2\/posts\/66396\/revisions"}],"predecessor-version":[{"id":66399,"href":"https:\/\/www.blogdothame.blog.br\/v1\/wp-json\/wp\/v2\/posts\/66396\/revisions\/66399"}],"wp:attachment":[{"href":"https:\/\/www.blogdothame.blog.br\/v1\/wp-json\/wp\/v2\/media?parent=66396"}],"wp:term":[{"taxonomy":"category","embeddable":true,"href":"https:\/\/www.blogdothame.blog.br\/v1\/wp-json\/wp\/v2\/categories?post=66396"},{"taxonomy":"post_tag","embeddable":true,"href":"https:\/\/www.blogdothame.blog.br\/v1\/wp-json\/wp\/v2\/tags?post=66396"}],"curies":[{"name":"wp","href":"https:\/\/api.w.org\/{rel}","templated":true}]}}